{"id":61639,"date":"2026-04-29T15:20:01","date_gmt":"2026-04-29T18:20:01","guid":{"rendered":"http:\/\/masquenoticiastucuman.com.ar\/?p=61639"},"modified":"2026-04-29T15:20:01","modified_gmt":"2026-04-29T18:20:01","slug":"el-diablo-viste-a-la-moda-2-en-que-cines-se-estrena-horarios-y-todo-lo-que-se-sabe-de-la-secuela-que-protagoniza-meryl-streep-y-anne-hathaway","status":"publish","type":"post","link":"https:\/\/masquenoticiastucuman.com.ar\/?p=61639","title":{"rendered":"El Diablo Viste a la Moda 2: en qu\u00e9 cines se estrena, horarios y todo lo que se sabe de la secuela que protagoniza Meryl Streep y Anne Hathaway"},"content":{"rendered":"<ul>\n<li>Con Mirada y Andy juntas otra vez, la nueva entrega promete un duelo de egos y estilos mientras la moda y los medios se reinventan.<\/li>\n<li>La pel\u00edcula llega a las salas de todo el pa\u00eds este jueves 30 de abril, a 20 a\u00f1os del estreno del filme original.<\/li>\n<\/ul>\n<p>\u200bCon Mirada y Andy juntas otra vez, la nueva entrega promete un duelo de egos y estilos mientras la moda y los medios se reinventan.La pel\u00edcula llega a las salas de todo el pa\u00eds este jueves 30 de abril, a 20 a\u00f1os del estreno del filme original.\u00a0<a href=\"https:\/\/www.clarin.com\/espectaculos\/diablo-viste-moda-2-cines-estrena-horarios-sabe-secuela-protagoniza-meryl-streep-anne-hathaway_0_lIeHaYQUfc.html\" target=\"_blank\" class=\"feedzy-rss-link-icon\">Read More<\/a><\/p>","protected":false},"excerpt":{"rendered":"<p>Con Mirada y Andy juntas otra vez, la nueva entrega promete un duelo de egos&#8230;<\/p>\n","protected":false},"author":1,"featured_media":0,"comment_status":"open","ping_status":"open","sticky":false,"template":"","format":"standard","meta":{"footnotes":""},"categories":[5],"tags":[],"class_list":["post-61639","post","type-post","status-publish","format-standard","has-post-thumbnail","hentry","category-espectaculo"],"_links":{"self":[{"href":"https:\/\/masquenoticiastucuman.com.ar\/index.php?rest_route=\/wp\/v2\/posts\/61639","targetHints":{"allow":["GET"]}}],"collection":[{"href":"https:\/\/masquenoticiastucuman.com.ar\/index.php?rest_route=\/wp\/v2\/posts"}],"about":[{"href":"https:\/\/masquenoticiastucuman.com.ar\/index.php?rest_route=\/wp\/v2\/types\/post"}],"author":[{"embeddable":true,"href":"https:\/\/masquenoticiastucuman.com.ar\/index.php?rest_route=\/wp\/v2\/users\/1"}],"replies":[{"embeddable":true,"href":"https:\/\/masquenoticiastucuman.com.ar\/index.php?rest_route=%2Fwp%2Fv2%2Fcomments&post=61639"}],"version-history":[{"count":0,"href":"https:\/\/masquenoticiastucuman.com.ar\/index.php?rest_route=\/wp\/v2\/posts\/61639\/revisions"}],"wp:attachment":[{"href":"https:\/\/masquenoticiastucuman.com.ar\/index.php?rest_route=%2Fwp%2Fv2%2Fmedia&parent=61639"}],"wp:term":[{"taxonomy":"category","embeddable":true,"href":"https:\/\/masquenoticiastucuman.com.ar\/index.php?rest_route=%2Fwp%2Fv2%2Fcategories&post=61639"},{"taxonomy":"post_tag","embeddable":true,"href":"https:\/\/masquenoticiastucuman.com.ar\/index.php?rest_route=%2Fwp%2Fv2%2Ftags&post=61639"}],"curies":[{"name":"wp","href":"https:\/\/api.w.org\/{rel}","templated":true}]}}