{"id":61641,"date":"2026-04-29T15:55:20","date_gmt":"2026-04-29T18:55:20","guid":{"rendered":"http:\/\/masquenoticiastucuman.com.ar\/?p=61641"},"modified":"2026-04-29T15:55:20","modified_gmt":"2026-04-29T18:55:20","slug":"platense-vs-independiente-santa-fe-por-la-copa-libertadores-2026-en-vivo-a-que-hora-es-probables-formaciones-y-como-ver-en-directo","status":"publish","type":"post","link":"https:\/\/masquenoticiastucuman.com.ar\/?p=61641","title":{"rendered":"Platense vs Independiente Santa Fe, por la Copa Libertadores 2026 EN VIVO: a qu\u00e9 hora es, probables formaciones y c\u00f3mo ver en directo"},"content":{"rendered":"<ul>\n<li>Juegan desde las 19 en Vicente L\u00f3pez, por Fox Sports y Disney+.<\/li>\n<li>El Calamar viene de ganarle a Pe\u00f1arol en Montevideo y quiere seguir sumando.<\/li>\n<li>Recibe al conjunto colombiano, que todav\u00eda no pudo ganar en el certamen.<\/li>\n<\/ul>\n<p>\u200bJuegan desde las 19 en Vicente L\u00f3pez, por Fox Sports y Disney+.El Calamar viene de ganarle a Pe\u00f1arol en Montevideo y quiere seguir sumando.Recibe al conjunto colombiano, que todav\u00eda no pudo ganar en el certamen.\u00a0<a href=\"https:\/\/www.clarin.com\/deportes\/platense-vs-independiente-santa-fe-copa-libertadores-2026-vivo-hora-probables-formaciones-ver-directo_0_JDWwtKXFEH.html\" target=\"_blank\" class=\"feedzy-rss-link-icon\">Read More<\/a><\/p>","protected":false},"excerpt":{"rendered":"<p>Juegan desde las 19 en Vicente L\u00f3pez, por Fox Sports y Disney+. El Calamar viene&#8230;<\/p>\n","protected":false},"author":1,"featured_media":0,"comment_status":"open","ping_status":"open","sticky":false,"template":"","format":"standard","meta":{"footnotes":""},"categories":[6],"tags":[],"class_list":["post-61641","post","type-post","status-publish","format-standard","has-post-thumbnail","hentry","category-deportes"],"_links":{"self":[{"href":"https:\/\/masquenoticiastucuman.com.ar\/index.php?rest_route=\/wp\/v2\/posts\/61641","targetHints":{"allow":["GET"]}}],"collection":[{"href":"https:\/\/masquenoticiastucuman.com.ar\/index.php?rest_route=\/wp\/v2\/posts"}],"about":[{"href":"https:\/\/masquenoticiastucuman.com.ar\/index.php?rest_route=\/wp\/v2\/types\/post"}],"author":[{"embeddable":true,"href":"https:\/\/masquenoticiastucuman.com.ar\/index.php?rest_route=\/wp\/v2\/users\/1"}],"replies":[{"embeddable":true,"href":"https:\/\/masquenoticiastucuman.com.ar\/index.php?rest_route=%2Fwp%2Fv2%2Fcomments&post=61641"}],"version-history":[{"count":0,"href":"https:\/\/masquenoticiastucuman.com.ar\/index.php?rest_route=\/wp\/v2\/posts\/61641\/revisions"}],"wp:attachment":[{"href":"https:\/\/masquenoticiastucuman.com.ar\/index.php?rest_route=%2Fwp%2Fv2%2Fmedia&parent=61641"}],"wp:term":[{"taxonomy":"category","embeddable":true,"href":"https:\/\/masquenoticiastucuman.com.ar\/index.php?rest_route=%2Fwp%2Fv2%2Fcategories&post=61641"},{"taxonomy":"post_tag","embeddable":true,"href":"https:\/\/masquenoticiastucuman.com.ar\/index.php?rest_route=%2Fwp%2Fv2%2Ftags&post=61641"}],"curies":[{"name":"wp","href":"https:\/\/api.w.org\/{rel}","templated":true}]}}