{"id":61643,"date":"2026-04-29T17:33:07","date_gmt":"2026-04-29T20:33:07","guid":{"rendered":"http:\/\/masquenoticiastucuman.com.ar\/?p=61643"},"modified":"2026-04-29T17:33:07","modified_gmt":"2026-04-29T20:33:07","slug":"el-banco-central-desacelero-la-compra-de-reservas-pero-economia-consiguio-us-850-millones-para-pagar-la-deuda","status":"publish","type":"post","link":"https:\/\/masquenoticiastucuman.com.ar\/?p=61643","title":{"rendered":"El Banco Central desaceler\u00f3 la compra de reservas pero Econom\u00eda consigui\u00f3 US$ 850 millones para pagar la deuda"},"content":{"rendered":"<ul>\n<li>El Central se &#8220;corri\u00f3&#8221; del mercado y adquiri\u00f3 menos divisas que en las \u00faltimas semanas. <\/li>\n<li>El tipo de cambio a\u00fan est\u00e1 20% por debajo del techo de flotaci\u00f3n.<\/li>\n<\/ul>\n<p>\u200bEl Central se &#8220;corri\u00f3&#8221; del mercado y adquiri\u00f3 menos divisas que en las \u00faltimas semanas. El tipo de cambio a\u00fan est\u00e1 20% por debajo del techo de flotaci\u00f3n.\u00a0<a href=\"https:\/\/www.clarin.com\/economia\/banco-central-desacelero-compra-reservas-economia-consiguio-us-850-millones-pagar-deuda_0_U1XwZODk63.html\" target=\"_blank\" class=\"feedzy-rss-link-icon\">Read More<\/a><\/p>","protected":false},"excerpt":{"rendered":"<p>El Central se &#8220;corri\u00f3&#8221; del mercado y adquiri\u00f3 menos divisas que en las \u00faltimas semanas&#8230;.<\/p>\n","protected":false},"author":1,"featured_media":0,"comment_status":"open","ping_status":"open","sticky":false,"template":"","format":"standard","meta":{"footnotes":""},"categories":[3],"tags":[],"class_list":["post-61643","post","type-post","status-publish","format-standard","has-post-thumbnail","hentry","category-nacionales"],"_links":{"self":[{"href":"https:\/\/masquenoticiastucuman.com.ar\/index.php?rest_route=\/wp\/v2\/posts\/61643","targetHints":{"allow":["GET"]}}],"collection":[{"href":"https:\/\/masquenoticiastucuman.com.ar\/index.php?rest_route=\/wp\/v2\/posts"}],"about":[{"href":"https:\/\/masquenoticiastucuman.com.ar\/index.php?rest_route=\/wp\/v2\/types\/post"}],"author":[{"embeddable":true,"href":"https:\/\/masquenoticiastucuman.com.ar\/index.php?rest_route=\/wp\/v2\/users\/1"}],"replies":[{"embeddable":true,"href":"https:\/\/masquenoticiastucuman.com.ar\/index.php?rest_route=%2Fwp%2Fv2%2Fcomments&post=61643"}],"version-history":[{"count":0,"href":"https:\/\/masquenoticiastucuman.com.ar\/index.php?rest_route=\/wp\/v2\/posts\/61643\/revisions"}],"wp:attachment":[{"href":"https:\/\/masquenoticiastucuman.com.ar\/index.php?rest_route=%2Fwp%2Fv2%2Fmedia&parent=61643"}],"wp:term":[{"taxonomy":"category","embeddable":true,"href":"https:\/\/masquenoticiastucuman.com.ar\/index.php?rest_route=%2Fwp%2Fv2%2Fcategories&post=61643"},{"taxonomy":"post_tag","embeddable":true,"href":"https:\/\/masquenoticiastucuman.com.ar\/index.php?rest_route=%2Fwp%2Fv2%2Ftags&post=61643"}],"curies":[{"name":"wp","href":"https:\/\/api.w.org\/{rel}","templated":true}]}}