{"id":61645,"date":"2026-04-29T18:15:33","date_gmt":"2026-04-29T21:15:33","guid":{"rendered":"http:\/\/masquenoticiastucuman.com.ar\/?p=61645"},"modified":"2026-04-29T18:15:33","modified_gmt":"2026-04-29T21:15:33","slug":"cristiano-ronaldo-llego-al-gol-970-celebro-con-un-baile-arabe-y-sigue-su-carrera-rumbo-a-los-1000","status":"publish","type":"post","link":"https:\/\/masquenoticiastucuman.com.ar\/?p=61645","title":{"rendered":"Cristiano Ronaldo lleg\u00f3 al gol 970, celebr\u00f3 con un baile \u00e1rabe y sigue su carrera rumbo a los 1000"},"content":{"rendered":"<ul>\n<li>El portugu\u00e9s marc\u00f3 de cabeza en el triunfo 2-0 de Al Nassr sobre Al Ahli por la liga saudita y volvi\u00f3 a extender una cifra hist\u00f3rica.<\/li>\n<li>Tras convertir, sorprendi\u00f3 con un festejo especial al colocarse un agal tradicional y bailar junto a sus compa\u00f1eros.<\/li>\n<li>A los 41 a\u00f1os, CR7 mantiene intacta su voracidad goleadora y le faltan 30 goles para los mil.<\/li>\n<\/ul>\n<p>\u200bEl portugu\u00e9s marc\u00f3 de cabeza en el triunfo 2-0 de Al Nassr sobre Al Ahli por la liga saudita y volvi\u00f3 a extender una cifra hist\u00f3rica.Tras convertir, sorprendi\u00f3 con un festejo especial al colocarse un agal tradicional y bailar junto a sus compa\u00f1eros.A los 41 a\u00f1os, CR7 mantiene intacta su voracidad goleadora y le faltan 30 goles para los mil.\u00a0<a href=\"https:\/\/www.clarin.com\/deportes\/cristiano-ronaldo-llego-gol-970-celebro-baile-arabe-sigue-carrera-rumbo-1000_0_AmVK5a1R1f.html\" target=\"_blank\" class=\"feedzy-rss-link-icon\">Read More<\/a><\/p>","protected":false},"excerpt":{"rendered":"<p>El portugu\u00e9s marc\u00f3 de cabeza en el triunfo 2-0 de Al Nassr sobre Al Ahli&#8230;<\/p>\n","protected":false},"author":1,"featured_media":0,"comment_status":"open","ping_status":"open","sticky":false,"template":"","format":"standard","meta":{"footnotes":""},"categories":[6],"tags":[],"class_list":["post-61645","post","type-post","status-publish","format-standard","has-post-thumbnail","hentry","category-deportes"],"_links":{"self":[{"href":"https:\/\/masquenoticiastucuman.com.ar\/index.php?rest_route=\/wp\/v2\/posts\/61645","targetHints":{"allow":["GET"]}}],"collection":[{"href":"https:\/\/masquenoticiastucuman.com.ar\/index.php?rest_route=\/wp\/v2\/posts"}],"about":[{"href":"https:\/\/masquenoticiastucuman.com.ar\/index.php?rest_route=\/wp\/v2\/types\/post"}],"author":[{"embeddable":true,"href":"https:\/\/masquenoticiastucuman.com.ar\/index.php?rest_route=\/wp\/v2\/users\/1"}],"replies":[{"embeddable":true,"href":"https:\/\/masquenoticiastucuman.com.ar\/index.php?rest_route=%2Fwp%2Fv2%2Fcomments&post=61645"}],"version-history":[{"count":0,"href":"https:\/\/masquenoticiastucuman.com.ar\/index.php?rest_route=\/wp\/v2\/posts\/61645\/revisions"}],"wp:attachment":[{"href":"https:\/\/masquenoticiastucuman.com.ar\/index.php?rest_route=%2Fwp%2Fv2%2Fmedia&parent=61645"}],"wp:term":[{"taxonomy":"category","embeddable":true,"href":"https:\/\/masquenoticiastucuman.com.ar\/index.php?rest_route=%2Fwp%2Fv2%2Fcategories&post=61645"},{"taxonomy":"post_tag","embeddable":true,"href":"https:\/\/masquenoticiastucuman.com.ar\/index.php?rest_route=%2Fwp%2Fv2%2Ftags&post=61645"}],"curies":[{"name":"wp","href":"https:\/\/api.w.org\/{rel}","templated":true}]}}