{"id":61646,"date":"2026-04-29T17:54:26","date_gmt":"2026-04-29T20:54:26","guid":{"rendered":"http:\/\/masquenoticiastucuman.com.ar\/?p=61646"},"modified":"2026-04-29T17:54:26","modified_gmt":"2026-04-29T20:54:26","slug":"julian-alvarez-preocupa-a-la-scaloneta-a-43-dias-del-mundial-gol-de-penal-para-el-atletico-de-madrid-y-un-golpe-que-lo-obligo-salir-ante-arsenal","status":"publish","type":"post","link":"https:\/\/masquenoticiastucuman.com.ar\/?p=61646","title":{"rendered":"Juli\u00e1n Alvarez preocupa a la Scaloneta a 43 d\u00edas del Mundial: gol de penal para el Atl\u00e9tico de Madrid y un golpe que lo oblig\u00f3 salir ante Arsenal"},"content":{"rendered":"<ul>\n<li>El delantero cordob\u00e9s fue el jugador m\u00e1s determinante del equipo del Cholo en la primera semi de Champions.<\/li>\n<li>Pero debi\u00f3 dejar el campo de juego con dolor en su pierna izquierda.<\/li>\n<li>Marc\u00f3 el 1-1 de penal, pero despu\u00e9s se le cay\u00f3 encima el delantero rival Eze.<\/li>\n<\/ul>\n<p>\u200bEl delantero cordob\u00e9s fue el jugador m\u00e1s determinante del equipo del Cholo en la primera semi de Champions.Pero debi\u00f3 dejar el campo de juego con dolor en su pierna izquierda.Marc\u00f3 el 1-1 de penal, pero despu\u00e9s se le cay\u00f3 encima el delantero rival Eze.\u00a0<a href=\"https:\/\/www.clarin.com\/deportes\/julian-alvarez-preocupa-scaloneta-43-dias-mundial-gol-penal-atletico-madrid-golpe-obligo-salir-arsenal_0_C6Y4qn7GpW.html\" target=\"_blank\" class=\"feedzy-rss-link-icon\">Read More<\/a><\/p>","protected":false},"excerpt":{"rendered":"<p>El delantero cordob\u00e9s fue el jugador m\u00e1s determinante del equipo del Cholo en la primera&#8230;<\/p>\n","protected":false},"author":1,"featured_media":0,"comment_status":"open","ping_status":"open","sticky":false,"template":"","format":"standard","meta":{"footnotes":""},"categories":[6],"tags":[],"class_list":["post-61646","post","type-post","status-publish","format-standard","has-post-thumbnail","hentry","category-deportes"],"_links":{"self":[{"href":"https:\/\/masquenoticiastucuman.com.ar\/index.php?rest_route=\/wp\/v2\/posts\/61646","targetHints":{"allow":["GET"]}}],"collection":[{"href":"https:\/\/masquenoticiastucuman.com.ar\/index.php?rest_route=\/wp\/v2\/posts"}],"about":[{"href":"https:\/\/masquenoticiastucuman.com.ar\/index.php?rest_route=\/wp\/v2\/types\/post"}],"author":[{"embeddable":true,"href":"https:\/\/masquenoticiastucuman.com.ar\/index.php?rest_route=\/wp\/v2\/users\/1"}],"replies":[{"embeddable":true,"href":"https:\/\/masquenoticiastucuman.com.ar\/index.php?rest_route=%2Fwp%2Fv2%2Fcomments&post=61646"}],"version-history":[{"count":0,"href":"https:\/\/masquenoticiastucuman.com.ar\/index.php?rest_route=\/wp\/v2\/posts\/61646\/revisions"}],"wp:attachment":[{"href":"https:\/\/masquenoticiastucuman.com.ar\/index.php?rest_route=%2Fwp%2Fv2%2Fmedia&parent=61646"}],"wp:term":[{"taxonomy":"category","embeddable":true,"href":"https:\/\/masquenoticiastucuman.com.ar\/index.php?rest_route=%2Fwp%2Fv2%2Fcategories&post=61646"},{"taxonomy":"post_tag","embeddable":true,"href":"https:\/\/masquenoticiastucuman.com.ar\/index.php?rest_route=%2Fwp%2Fv2%2Ftags&post=61646"}],"curies":[{"name":"wp","href":"https:\/\/api.w.org\/{rel}","templated":true}]}}