{"id":61647,"date":"2026-04-29T19:05:43","date_gmt":"2026-04-29T22:05:43","guid":{"rendered":"http:\/\/masquenoticiastucuman.com.ar\/?p=61647"},"modified":"2026-04-29T19:05:43","modified_gmt":"2026-04-29T22:05:43","slug":"milei-hablo-de-una-transicion-con-efectos-colaterales-pero-dijo-que-se-estan-alcanzando-logros-tremendos","status":"publish","type":"post","link":"https:\/\/masquenoticiastucuman.com.ar\/?p=61647","title":{"rendered":"Milei habl\u00f3 de una &#8220;transici\u00f3n con efectos colaterales&#8221;, pero dijo que se est\u00e1n alcanzando &#8220;logros tremendos&#8221;"},"content":{"rendered":"<ul>\n<li>El presidente se presenta en el cierre de ExpoEFI.<\/li>\n<li>Tambi\u00e9n aprovech\u00f3 para redoblar su embestida contra los periodistas.<\/li>\n<\/ul>\n<p>\u200bEl presidente se presenta en el cierre de ExpoEFI.Tambi\u00e9n aprovech\u00f3 para redoblar su embestida contra los periodistas.\u00a0<a href=\"https:\/\/www.clarin.com\/economia\/milei-hablo-transicion-efectos-colaterales-dijo-alcanzando-logros-tremendos_0_ZuUdYDxnev.html\" target=\"_blank\" class=\"feedzy-rss-link-icon\">Read More<\/a><\/p>","protected":false},"excerpt":{"rendered":"<p>El presidente se presenta en el cierre de ExpoEFI. Tambi\u00e9n aprovech\u00f3 para redoblar su embestida&#8230;<\/p>\n","protected":false},"author":1,"featured_media":0,"comment_status":"open","ping_status":"open","sticky":false,"template":"","format":"standard","meta":{"footnotes":""},"categories":[3],"tags":[],"class_list":["post-61647","post","type-post","status-publish","format-standard","has-post-thumbnail","hentry","category-nacionales"],"_links":{"self":[{"href":"https:\/\/masquenoticiastucuman.com.ar\/index.php?rest_route=\/wp\/v2\/posts\/61647","targetHints":{"allow":["GET"]}}],"collection":[{"href":"https:\/\/masquenoticiastucuman.com.ar\/index.php?rest_route=\/wp\/v2\/posts"}],"about":[{"href":"https:\/\/masquenoticiastucuman.com.ar\/index.php?rest_route=\/wp\/v2\/types\/post"}],"author":[{"embeddable":true,"href":"https:\/\/masquenoticiastucuman.com.ar\/index.php?rest_route=\/wp\/v2\/users\/1"}],"replies":[{"embeddable":true,"href":"https:\/\/masquenoticiastucuman.com.ar\/index.php?rest_route=%2Fwp%2Fv2%2Fcomments&post=61647"}],"version-history":[{"count":0,"href":"https:\/\/masquenoticiastucuman.com.ar\/index.php?rest_route=\/wp\/v2\/posts\/61647\/revisions"}],"wp:attachment":[{"href":"https:\/\/masquenoticiastucuman.com.ar\/index.php?rest_route=%2Fwp%2Fv2%2Fmedia&parent=61647"}],"wp:term":[{"taxonomy":"category","embeddable":true,"href":"https:\/\/masquenoticiastucuman.com.ar\/index.php?rest_route=%2Fwp%2Fv2%2Fcategories&post=61647"},{"taxonomy":"post_tag","embeddable":true,"href":"https:\/\/masquenoticiastucuman.com.ar\/index.php?rest_route=%2Fwp%2Fv2%2Ftags&post=61647"}],"curies":[{"name":"wp","href":"https:\/\/api.w.org\/{rel}","templated":true}]}}