{"id":61650,"date":"2026-04-29T18:28:08","date_gmt":"2026-04-29T21:28:08","guid":{"rendered":"http:\/\/masquenoticiastucuman.com.ar\/?p=61650"},"modified":"2026-04-29T18:28:08","modified_gmt":"2026-04-29T21:28:08","slug":"vinculan-en-estados-unidos-al-gobernador-de-sinaloa-con-el-trafico-de-grandes-cantidades-de-drogas-y-la-tenencia-de-armas-ilicitas","status":"publish","type":"post","link":"https:\/\/masquenoticiastucuman.com.ar\/?p=61650","title":{"rendered":"Vinculan en Estados Unidos al gobernador de Sinaloa con el trafico de grandes cantidades de drogas y la tenencia de armas il\u00edcitas"},"content":{"rendered":"<ul>\n<li>Se trata de Rub\u00e9n Rocha Moya, y otros nueve funcionarios mexicanos activos y retirados. <\/li>\n<li>Fueron se\u00f1alados de tr\u00e1fico de drogas y tenencia il\u00edcita de armas en una acusaci\u00f3n formal que se hizo p\u00fablica en Nueva York.<\/li>\n<\/ul>\n<p>\u200bSe trata de Rub\u00e9n Rocha Moya, y otros nueve funcionarios mexicanos activos y retirados. Fueron se\u00f1alados de tr\u00e1fico de drogas y tenencia il\u00edcita de armas en una acusaci\u00f3n formal que se hizo p\u00fablica en Nueva York.\u00a0<a href=\"https:\/\/www.clarin.com\/mundo\/vinculan-estados-unidos-gobernador-sinaloa-trafico-grandes-cantidades-drogas-tenencia-armas-ilicitas_0_Dcuw6g9g9K.html\" target=\"_blank\" class=\"feedzy-rss-link-icon\">Read More<\/a><\/p>","protected":false},"excerpt":{"rendered":"<p>Se trata de Rub\u00e9n Rocha Moya, y otros nueve funcionarios mexicanos activos y retirados. Fueron&#8230;<\/p>\n","protected":false},"author":1,"featured_media":61651,"comment_status":"open","ping_status":"open","sticky":false,"template":"","format":"standard","meta":{"footnotes":""},"categories":[4],"tags":[],"class_list":["post-61650","post","type-post","status-publish","format-standard","has-post-thumbnail","hentry","category-internacionales"],"_links":{"self":[{"href":"https:\/\/masquenoticiastucuman.com.ar\/index.php?rest_route=\/wp\/v2\/posts\/61650","targetHints":{"allow":["GET"]}}],"collection":[{"href":"https:\/\/masquenoticiastucuman.com.ar\/index.php?rest_route=\/wp\/v2\/posts"}],"about":[{"href":"https:\/\/masquenoticiastucuman.com.ar\/index.php?rest_route=\/wp\/v2\/types\/post"}],"author":[{"embeddable":true,"href":"https:\/\/masquenoticiastucuman.com.ar\/index.php?rest_route=\/wp\/v2\/users\/1"}],"replies":[{"embeddable":true,"href":"https:\/\/masquenoticiastucuman.com.ar\/index.php?rest_route=%2Fwp%2Fv2%2Fcomments&post=61650"}],"version-history":[{"count":0,"href":"https:\/\/masquenoticiastucuman.com.ar\/index.php?rest_route=\/wp\/v2\/posts\/61650\/revisions"}],"wp:featuredmedia":[{"embeddable":true,"href":"https:\/\/masquenoticiastucuman.com.ar\/index.php?rest_route=\/wp\/v2\/media\/61651"}],"wp:attachment":[{"href":"https:\/\/masquenoticiastucuman.com.ar\/index.php?rest_route=%2Fwp%2Fv2%2Fmedia&parent=61650"}],"wp:term":[{"taxonomy":"category","embeddable":true,"href":"https:\/\/masquenoticiastucuman.com.ar\/index.php?rest_route=%2Fwp%2Fv2%2Fcategories&post=61650"},{"taxonomy":"post_tag","embeddable":true,"href":"https:\/\/masquenoticiastucuman.com.ar\/index.php?rest_route=%2Fwp%2Fv2%2Ftags&post=61650"}],"curies":[{"name":"wp","href":"https:\/\/api.w.org\/{rel}","templated":true}]}}