{"id":61655,"date":"2026-04-29T19:42:22","date_gmt":"2026-04-29T22:42:22","guid":{"rendered":"http:\/\/masquenoticiastucuman.com.ar\/?p=61655"},"modified":"2026-04-29T19:42:22","modified_gmt":"2026-04-29T22:42:22","slug":"la-fifa-tomo-una-drastica-decision-con-los-jugadores-que-abandonen-la-cancha-y-regira-a-partir-del-mundial","status":"publish","type":"post","link":"https:\/\/masquenoticiastucuman.com.ar\/?p=61655","title":{"rendered":"La FIFA tom\u00f3 una dr\u00e1stica decisi\u00f3n con los jugadores que abandonen la cancha y regir\u00e1 a partir del Mundial"},"content":{"rendered":"<ul>\n<li>Es en reacci\u00f3n al esc\u00e1ndalo que inici\u00f3 Senegal en la final de la Copa Africana.<\/li>\n<li>Los \u00e1rbitros podr\u00e1n expulsar a los jugadores que se retiren del campo de juego.<\/li>\n<li>Es para evitar reclamos y protestas contra las decisiones del juez o del VAR.<\/li>\n<\/ul>\n<p>\u200bEs en reacci\u00f3n al esc\u00e1ndalo que inici\u00f3 Senegal en la final de la Copa Africana.Los \u00e1rbitros podr\u00e1n expulsar a los jugadores que se retiren del campo de juego.Es para evitar reclamos y protestas contra las decisiones del juez o del VAR.\u00a0<a href=\"https:\/\/www.clarin.com\/deportes\/fifa-tomo-drastica-decision-jugadores-abandonen-cancha-regira-partir-mundial_0_5YgXE084uj.html\" target=\"_blank\" class=\"feedzy-rss-link-icon\">Read More<\/a><\/p>","protected":false},"excerpt":{"rendered":"<p>Es en reacci\u00f3n al esc\u00e1ndalo que inici\u00f3 Senegal en la final de la Copa Africana&#8230;.<\/p>\n","protected":false},"author":1,"featured_media":0,"comment_status":"open","ping_status":"open","sticky":false,"template":"","format":"standard","meta":{"footnotes":""},"categories":[6],"tags":[],"class_list":["post-61655","post","type-post","status-publish","format-standard","has-post-thumbnail","hentry","category-deportes"],"_links":{"self":[{"href":"https:\/\/masquenoticiastucuman.com.ar\/index.php?rest_route=\/wp\/v2\/posts\/61655","targetHints":{"allow":["GET"]}}],"collection":[{"href":"https:\/\/masquenoticiastucuman.com.ar\/index.php?rest_route=\/wp\/v2\/posts"}],"about":[{"href":"https:\/\/masquenoticiastucuman.com.ar\/index.php?rest_route=\/wp\/v2\/types\/post"}],"author":[{"embeddable":true,"href":"https:\/\/masquenoticiastucuman.com.ar\/index.php?rest_route=\/wp\/v2\/users\/1"}],"replies":[{"embeddable":true,"href":"https:\/\/masquenoticiastucuman.com.ar\/index.php?rest_route=%2Fwp%2Fv2%2Fcomments&post=61655"}],"version-history":[{"count":0,"href":"https:\/\/masquenoticiastucuman.com.ar\/index.php?rest_route=\/wp\/v2\/posts\/61655\/revisions"}],"wp:attachment":[{"href":"https:\/\/masquenoticiastucuman.com.ar\/index.php?rest_route=%2Fwp%2Fv2%2Fmedia&parent=61655"}],"wp:term":[{"taxonomy":"category","embeddable":true,"href":"https:\/\/masquenoticiastucuman.com.ar\/index.php?rest_route=%2Fwp%2Fv2%2Fcategories&post=61655"},{"taxonomy":"post_tag","embeddable":true,"href":"https:\/\/masquenoticiastucuman.com.ar\/index.php?rest_route=%2Fwp%2Fv2%2Ftags&post=61655"}],"curies":[{"name":"wp","href":"https:\/\/api.w.org\/{rel}","templated":true}]}}