{"id":61656,"date":"2026-04-29T21:01:41","date_gmt":"2026-04-30T00:01:41","guid":{"rendered":"http:\/\/masquenoticiastucuman.com.ar\/?p=61656"},"modified":"2026-04-29T21:01:41","modified_gmt":"2026-04-30T00:01:41","slug":"franco-mastantuono-y-jude-bellingham-deslumbraron-en-el-masters-1000-de-madrid","status":"publish","type":"post","link":"https:\/\/masquenoticiastucuman.com.ar\/?p=61656","title":{"rendered":"Franco Mastantuono y Jude Bellingham deslumbraron en el Masters 1000 de Madrid"},"content":{"rendered":"<ul>\n<li>El joven argentino fue visto junto al ingl\u00e9s, su amigo inseparable en el plantel del Real madrid.<\/li>\n<li>Tambi\u00e9n estuvieron Thibaut Courtois, Andriy Lunin y una figura hist\u00f3rica del club merengue.<\/li>\n<li>Las im\u00e1genes, donde se los ve disfrutar distendidos, dieron lugar a las cr\u00edticas con respecto a su decepcionante temporada.<\/li>\n<\/ul>\n<p>\u200bEl joven argentino fue visto junto al ingl\u00e9s, su amigo inseparable en el plantel del Real madrid.Tambi\u00e9n estuvieron Thibaut Courtois, Andriy Lunin y una figura hist\u00f3rica del club merengue.Las im\u00e1genes, donde se los ve disfrutar distendidos, dieron lugar a las cr\u00edticas con respecto a su decepcionante temporada.\u00a0<a href=\"https:\/\/www.clarin.com\/deportes\/franco-mastantuono-jude-bellingham-deslumbraron-masters-1000-madrid_0_ucqaOHHEvn.html\" target=\"_blank\" class=\"feedzy-rss-link-icon\">Read More<\/a><\/p>","protected":false},"excerpt":{"rendered":"<p>El joven argentino fue visto junto al ingl\u00e9s, su amigo inseparable en el plantel del&#8230;<\/p>\n","protected":false},"author":1,"featured_media":0,"comment_status":"open","ping_status":"open","sticky":false,"template":"","format":"standard","meta":{"footnotes":""},"categories":[6],"tags":[],"class_list":["post-61656","post","type-post","status-publish","format-standard","has-post-thumbnail","hentry","category-deportes"],"_links":{"self":[{"href":"https:\/\/masquenoticiastucuman.com.ar\/index.php?rest_route=\/wp\/v2\/posts\/61656","targetHints":{"allow":["GET"]}}],"collection":[{"href":"https:\/\/masquenoticiastucuman.com.ar\/index.php?rest_route=\/wp\/v2\/posts"}],"about":[{"href":"https:\/\/masquenoticiastucuman.com.ar\/index.php?rest_route=\/wp\/v2\/types\/post"}],"author":[{"embeddable":true,"href":"https:\/\/masquenoticiastucuman.com.ar\/index.php?rest_route=\/wp\/v2\/users\/1"}],"replies":[{"embeddable":true,"href":"https:\/\/masquenoticiastucuman.com.ar\/index.php?rest_route=%2Fwp%2Fv2%2Fcomments&post=61656"}],"version-history":[{"count":0,"href":"https:\/\/masquenoticiastucuman.com.ar\/index.php?rest_route=\/wp\/v2\/posts\/61656\/revisions"}],"wp:attachment":[{"href":"https:\/\/masquenoticiastucuman.com.ar\/index.php?rest_route=%2Fwp%2Fv2%2Fmedia&parent=61656"}],"wp:term":[{"taxonomy":"category","embeddable":true,"href":"https:\/\/masquenoticiastucuman.com.ar\/index.php?rest_route=%2Fwp%2Fv2%2Fcategories&post=61656"},{"taxonomy":"post_tag","embeddable":true,"href":"https:\/\/masquenoticiastucuman.com.ar\/index.php?rest_route=%2Fwp%2Fv2%2Ftags&post=61656"}],"curies":[{"name":"wp","href":"https:\/\/api.w.org\/{rel}","templated":true}]}}