{"id":61660,"date":"2026-04-30T07:50:29","date_gmt":"2026-04-30T10:50:29","guid":{"rendered":"https:\/\/masquenoticiastucuman.com.ar\/?p=61660"},"modified":"2026-04-30T07:50:30","modified_gmt":"2026-04-30T10:50:30","slug":"jaldo-lanzo-tecnicaturas-universitarias-en-ocho-comunas-del-interior","status":"publish","type":"post","link":"https:\/\/masquenoticiastucuman.com.ar\/?p=61660","title":{"rendered":"Jaldo lanz\u00f3 tecnicaturas universitarias en ocho comunas del interior"},"content":{"rendered":"\n<p>El gobernador encabez\u00f3 en La Florida y Luisiana la presentaci\u00f3n de un convenio con la Universidad Tecnol\u00f3gica Nacional para acercar carreras a localidades alejadas. M\u00e1s de 450 j\u00f3venes ya se inscribieron en propuestas vinculadas al desarrollo productivo de cada regi\u00f3n.<\/p>\n\n\n\n<p id=\"isPasted\">El gobernador&nbsp;<strong>Osvaldo Jaldo<\/strong>&nbsp;encabez\u00f3, este mi\u00e9rcoles, en La Florida y Luisiana el acto de presentaci\u00f3n oficial del convenio firmado entre el Ministerio del Interior del Gobierno de Tucum\u00e1n y la Universidad Tecnol\u00f3gica Nacional \u2013 Facultad Regional Tucum\u00e1n (UTN-FRT) para el dictado de tecnicaturas universitarias en comunas del interior provincial. El acuerdo, suscripto en junio de 2025 en el marco del D\u00eda de la Ingenier\u00eda Argentina, apunta a extender la oferta acad\u00e9mica a localidades alejadas de los centros urbanos.<\/p>\n\n\n\n<p>El primer mandatario estuvo acompa\u00f1ado por el vicegobernador,<strong>&nbsp;Miguel Acevedo<\/strong>; el ministro del Interior,&nbsp;<strong>Dar\u00edo Monteros;<\/strong>&nbsp;de Gobierno y Justicia,&nbsp;<strong>Regino Amado;&nbsp;<\/strong>de Obras P\u00fablicas<strong>&nbsp;Marcelo Nazur;<\/strong>&nbsp;de Educaci\u00f3n&nbsp;<strong>Susana Montaldo;<\/strong>&nbsp;comisionado de La Florida&nbsp;<strong>Arturo Soria<\/strong>; de Delf\u00edn Gallo,<strong>&nbsp;Ambrosio Paez<\/strong>; Ranchillos,<strong>&nbsp;Luis del Campo<\/strong>; San Pablo&nbsp;<strong>Miguel Gonz\u00e1lez<\/strong>; Le\u00f3n Rouges,&nbsp;<strong>Oscar Vega<\/strong>; Santa Ana,&nbsp;<strong>Hern\u00e1n Delgado<\/strong>; Colombres,&nbsp;<strong>Daniel Hern\u00e1ndez<\/strong>; Los Ralos,&nbsp;<strong>Ely Brandan<\/strong>; el titular del Ente de Infraestructura,&nbsp;<strong>Armando Cortalezzi;<\/strong>&nbsp;del IPLA Dante Loza; secretario de Grandes Comunas,<strong>&nbsp;Marcelo Santill\u00e1n;&nbsp;<\/strong>los legisladores&nbsp;<strong>Walter Herrera, Mario Leito, Alejandro Figueroa, Marcelo Herrera;&nbsp;<\/strong>d<strong><\/strong>ecano de la UTN&nbsp;<strong>Rub\u00e9n Egea;&nbsp;<\/strong>representante Casa de Tucum\u00e1n,<strong>&nbsp;Enrique Salvatierra<\/strong><\/p>\n\n\n\n<p>La iniciativa involucra a ocho comunas con carreras definidas seg\u00fan las necesidades productivas de cada territorio:<strong>&nbsp;Delf\u00edn Gallo (Programaci\u00f3n), Los Ralos (Higiene y Seguridad en el Trabajo), Santa Ana (Energ\u00edas Renovables), Ranchillos (Log\u00edstica), Le\u00f3n Roug\u00e9s (Mantenimiento Industrial), San Pablo y Villa Nougu\u00e9s (Higiene y Seguridad en el Trabajo), La Florida y Luisiana (Mantenimiento Industrial) y Colombres (Log\u00edstica).<\/strong>&nbsp;El proyecto registra 454 j\u00f3venes inscriptos en las distintas carreras.<\/p>\n\n\n\n<figure class=\"wp-block-image size-large\"><img loading=\"lazy\" decoding=\"async\" width=\"1024\" height=\"683\" src=\"https:\/\/masquenoticiastucuman.com.ar\/wp-content\/uploads\/2026\/04\/260429203837_81356-1024x683.jpeg\" alt=\"\" class=\"wp-image-61663\" srcset=\"https:\/\/masquenoticiastucuman.com.ar\/wp-content\/uploads\/2026\/04\/260429203837_81356-1024x683.jpeg 1024w, https:\/\/masquenoticiastucuman.com.ar\/wp-content\/uploads\/2026\/04\/260429203837_81356-300x200.jpeg 300w, https:\/\/masquenoticiastucuman.com.ar\/wp-content\/uploads\/2026\/04\/260429203837_81356-768x512.jpeg 768w, https:\/\/masquenoticiastucuman.com.ar\/wp-content\/uploads\/2026\/04\/260429203837_81356.jpeg 1280w\" sizes=\"auto, (max-width: 1024px) 100vw, 1024px\" \/><\/figure>\n\n\n\n<p>La Secretar\u00eda de Estado de Grandes Comunas y la UTN coordinaron el relevamiento de necesidades formativas en cada localidad para definir la oferta acad\u00e9mica. El convenio se enmarca en la pol\u00edtica provincial de federalizaci\u00f3n educativa.<\/p>\n\n\n\n<p>Durante su visita a La Florida y Luisiana, Jaldo tambi\u00e9n recorri\u00f3 las obras de pavimento que se ejecutan en el ingreso principal de la comuna, que contempla diez cuadras.<\/p>\n\n\n\n<p id=\"isPasted\">En ese marco, Jaldo expres\u00f3: \u201cEstamos muy contentos hoy en esta comuna del este tucumano. No hemos venido a traer una obra de infraestructura ni equipamiento, sino a traer la Universidad Tecnol\u00f3gica Nacional, con m\u00e1s de cuatro o cinco tecnicaturas para que los j\u00f3venes del interior tengan las mismas posibilidades que quienes viven en las grandes ciudades\u201d. Adem\u00e1s, resalt\u00f3 la decisi\u00f3n de la universidad de \u201cfederalizar y descentralizar\u201d la educaci\u00f3n superior y articular con el Gobierno provincial para llegar a comunas rurales.<\/p>\n\n\n\n<p>El mandatario destac\u00f3 que la iniciativa alcanza a cerca de 500 estudiantes y remarc\u00f3 las dificultades que muchas veces enfrentan los j\u00f3venes del interior para acceder a estudios universitarios: \u201cHay cuestiones econ\u00f3micas, el desarraigo, el trabajo y las obligaciones familiares. Por eso queremos que la universidad vaya a buscarlos a cada localidad\u201d.<\/p>\n\n\n\n<p>Asimismo, vincul\u00f3 la formaci\u00f3n t\u00e9cnica con la inserci\u00f3n laboral: \u201cEsto es preparar y capacitar a los j\u00f3venes con un t\u00edtulo universitario para que tengan m\u00e1s posibilidades de acceder a un trabajo digno, en blanco y con cobertura social\u201d.<\/p>\n\n\n\n<p>En relaci\u00f3n al contexto nacional, Jaldo subray\u00f3: \u201cEs destacable que, en momentos dif\u00edciles donde las universidades atraviesan problemas presupuestarios, la UTN haya tomado la decisi\u00f3n de llegar al interior\u201d. Tambi\u00e9n se\u00f1al\u00f3 que la continuidad y ampliaci\u00f3n del programa depender\u00e1 de las posibilidades conjuntas entre la Provincia y la casa de estudios.<\/p>\n\n\n\n<p>Por su parte, Acevedo sostuvo: \u201cEstamos acompa\u00f1ando al gobernador en algo que marca un hito hist\u00f3rico. Mientras en algunas regiones las universidades est\u00e1n complicadas con el presupuesto, en Tucum\u00e1n se tom\u00f3 la decisi\u00f3n de llevar la universidad al interior\u201d. Adem\u00e1s, explic\u00f3 que las tecnicaturas fueron definidas seg\u00fan las necesidades productivas de cada jurisdicci\u00f3n y remarc\u00f3 que m\u00e1s de 450 estudiantes acceder\u00e1n a formaci\u00f3n universitaria.<\/p>\n\n\n\n<p>El vicegobernador tambi\u00e9n se refiri\u00f3 a la agenda legislativa y expres\u00f3 su expectativa de que se apruebe el proyecto de \u201cficha limpia\u201d, junto a otras iniciativas vinculadas a salud, la modificaci\u00f3n del C\u00f3digo Tributario y la pr\u00f3rroga de la emergencia en transporte.<\/p>\n\n\n\n<p>Por su parte, el decano de la UTN, Rub\u00e9n Egea, explic\u00f3 que las carreras est\u00e1n vinculadas a la realidad socioecon\u00f3mica de cada zona y tienen una duraci\u00f3n aproximada de dos a\u00f1os. \u201cBuscamos federalizar el acceso al conocimiento y evitar que muchos j\u00f3venes queden en el camino por no poder trasladarse a los grandes centros urbanos\u201d, indic\u00f3.<\/p>\n\n\n\n<p>A su turno, Monteros afirm\u00f3: \u201cPor primera vez llevamos carreras universitarias al interior profundo, con cerca de 500 alumnos inscriptos. Esto es fruto de una decisi\u00f3n pol\u00edtica del gobernador, que a pesar de las dificultades econ\u00f3micas prioriza a la juventud\u201d. En ese sentido, destac\u00f3 el valor de acercar la universidad a las comunas y generar herramientas para el acceso a un trabajo digno.<\/p>\n\n\n\n<p>El ministro tambi\u00e9n defendi\u00f3 el rol de las comunas: \u201cEstos hechos concretos demuestran que no solo prestan servicios, sino que generan oportunidades. Son un sost\u00e9n fundamental en cada comunidad\u201d.<\/p>\n\n\n\n<p>El comisionado comunal de La Florida, Arturo Soria, remarc\u00f3: \u201cEs hist\u00f3rico para el interior. Primero fue un sue\u00f1o tener escuelas secundarias, y hoy estamos recibiendo la universidad en nuestro pueblo\u201d. Adem\u00e1s, destac\u00f3 las oportunidades laborales que se abrir\u00e1n para los j\u00f3venes.<\/p>\n\n\n\n<p>Finalmente, el comisionado de Santa Ana,&nbsp;<strong>Hern\u00e1n Romano<\/strong>, sostuvo: \u201cEs un hecho hist\u00f3rico que, en tiempos dif\u00edciles, el interior tenga estas oportunidades que impactan en la vida social y laboral de nuestros j\u00f3venes y en el desarrollo de nuestras comunidades\u201d.<\/p>\n\n\n\n<figure class=\"wp-block-image size-large\"><img loading=\"lazy\" decoding=\"async\" width=\"1024\" height=\"682\" src=\"https:\/\/masquenoticiastucuman.com.ar\/wp-content\/uploads\/2026\/04\/260429204007_71011-1024x682.jpeg\" alt=\"\" class=\"wp-image-61664\" srcset=\"https:\/\/masquenoticiastucuman.com.ar\/wp-content\/uploads\/2026\/04\/260429204007_71011-1024x682.jpeg 1024w, https:\/\/masquenoticiastucuman.com.ar\/wp-content\/uploads\/2026\/04\/260429204007_71011-300x200.jpeg 300w, https:\/\/masquenoticiastucuman.com.ar\/wp-content\/uploads\/2026\/04\/260429204007_71011-768x512.jpeg 768w, https:\/\/masquenoticiastucuman.com.ar\/wp-content\/uploads\/2026\/04\/260429204007_71011.jpeg 1280w\" sizes=\"auto, (max-width: 1024px) 100vw, 1024px\" \/><\/figure>\n","protected":false},"excerpt":{"rendered":"<p>El gobernador encabez\u00f3 en La Florida y Luisiana la presentaci\u00f3n de un convenio con la&#8230;<\/p>\n","protected":false},"author":2,"featured_media":61665,"comment_status":"open","ping_status":"open","sticky":false,"template":"","format":"standard","meta":{"footnotes":""},"categories":[2],"tags":[],"class_list":["post-61660","post","type-post","status-publish","format-standard","has-post-thumbnail","hentry","category-locales"],"_links":{"self":[{"href":"https:\/\/masquenoticiastucuman.com.ar\/index.php?rest_route=\/wp\/v2\/posts\/61660","targetHints":{"allow":["GET"]}}],"collection":[{"href":"https:\/\/masquenoticiastucuman.com.ar\/index.php?rest_route=\/wp\/v2\/posts"}],"about":[{"href":"https:\/\/masquenoticiastucuman.com.ar\/index.php?rest_route=\/wp\/v2\/types\/post"}],"author":[{"embeddable":true,"href":"https:\/\/masquenoticiastucuman.com.ar\/index.php?rest_route=\/wp\/v2\/users\/2"}],"replies":[{"embeddable":true,"href":"https:\/\/masquenoticiastucuman.com.ar\/index.php?rest_route=%2Fwp%2Fv2%2Fcomments&post=61660"}],"version-history":[{"count":1,"href":"https:\/\/masquenoticiastucuman.com.ar\/index.php?rest_route=\/wp\/v2\/posts\/61660\/revisions"}],"predecessor-version":[{"id":61666,"href":"https:\/\/masquenoticiastucuman.com.ar\/index.php?rest_route=\/wp\/v2\/posts\/61660\/revisions\/61666"}],"wp:featuredmedia":[{"embeddable":true,"href":"https:\/\/masquenoticiastucuman.com.ar\/index.php?rest_route=\/wp\/v2\/media\/61665"}],"wp:attachment":[{"href":"https:\/\/masquenoticiastucuman.com.ar\/index.php?rest_route=%2Fwp%2Fv2%2Fmedia&parent=61660"}],"wp:term":[{"taxonomy":"category","embeddable":true,"href":"https:\/\/masquenoticiastucuman.com.ar\/index.php?rest_route=%2Fwp%2Fv2%2Fcategories&post=61660"},{"taxonomy":"post_tag","embeddable":true,"href":"https:\/\/masquenoticiastucuman.com.ar\/index.php?rest_route=%2Fwp%2Fv2%2Ftags&post=61660"}],"curies":[{"name":"wp","href":"https:\/\/api.w.org\/{rel}","templated":true}]}}