{"id":61667,"date":"2026-04-30T08:00:10","date_gmt":"2026-04-30T11:00:10","guid":{"rendered":"https:\/\/masquenoticiastucuman.com.ar\/?p=61667"},"modified":"2026-04-30T08:00:11","modified_gmt":"2026-04-30T11:00:11","slug":"inspeccionan-zona-de-aparicion-de-serpientes-en-capital","status":"publish","type":"post","link":"https:\/\/masquenoticiastucuman.com.ar\/?p=61667","title":{"rendered":"Inspeccionan zona de aparici\u00f3n de serpientes en Capital"},"content":{"rendered":"\n<p>La Direcci\u00f3n de Flora, Fauna Silvestre y Suelos (DFFSyS), dependiente de la Secretar\u00eda de Producci\u00f3n, realiz\u00f3 una inspecci\u00f3n en los alrededores de la Plaza Ren\u00e9 Favaloro, ubicada en Barrio Parque Sur de la capital, luego de que vecinos alertaran sobre la aparici\u00f3n de serpientes ante las persistentes lluvias.<\/p>\n\n\n\n<p id=\"isPasted\">La intervenci\u00f3n tuvo lugar el pasado mi\u00e9rcoles 22 de abril y estuvo a cargo de t\u00e9cnicos de la Divisi\u00f3n Fauna Silvestre, quienes se presentaron en el lugar con el objetivo de encontrar alguno de los ejemplares avistados y verificar el estado de la zona.<\/p>\n\n\n\n<p>De acuerdo a lo manifestado por los vecinos, el \u00faltimo esp\u00e9cimen apareci\u00f3 en la plaza y luego se habr\u00eda refugiado en un pozo de la vereda. Al momento de la inspecci\u00f3n, dicho hueco se encontraba totalmente tapado con tierra, troncos y otros materiales que dificultaron la intervenci\u00f3n de los t\u00e9cnicos.<\/p>\n\n\n\n<p>\u201cTuvimos comunicaci\u00f3n con algunos vecinos quienes mostraron preocupaci\u00f3n por la situaci\u00f3n, por lo que nos presentamos en el lugar y pudimos comprobar que el \u00e1rea est\u00e1 bastante da\u00f1ada. Incluso verificamos que tambi\u00e9n circularon veh\u00edculos por encima del espacio se\u00f1alado\u201d, detallaron los t\u00e9cnicos. Y agregaron: \u201cPor las condiciones en que encontramos el \u00e1rea, nos vimos imposibilitados de acceder al pozo para verificar si el animal a\u00fan se encontraba all\u00ed\u201d.<\/p>\n\n\n\n<p>En este sentido, concluyeron que estas condiciones, as\u00ed como las caracter\u00edsticas de la especie avistada, impedir\u00e1n la salida al exterior del ejemplar y muy probablemente, \u00e9ste sucumba en el interior del pozo.<\/p>\n\n\n\n<p>\u201cCabe remarcar que las serpientes de importancia m\u00e9dica no tienen presencia en zonas urbanizadas. Ante el avistaje de este tipo de ejemplares, recomendamos a la comunidad no interactuar con el animal y dar aviso inmediato a las autoridades correspondientes\u201d, comunicaron desde la DFFSyS.<\/p>\n\n\n\n<p>Por informaci\u00f3n o denuncias comunicarse al e-mail&nbsp;dfaunasilvestre@gmail.com&nbsp;o completar los siguientes formularios por:<\/p>\n\n\n\n<p><a href=\"https:\/\/docs.google.com\/forms\/u\/2\/d\/1R_ImjLuGZ1jGYTdLKYMZjJr7fn90l1sZvJYlcj3yyzg\/edit?usp=drivesdk&amp;chromeless=1\"><strong>Avistaje de fauna silvestre: link<\/strong><\/a><\/p>\n\n\n\n<p><a href=\"https:\/\/docs.google.com\/forms\/d\/1uHWZeKD5KyXvbDfLZN_aBYsYDIwPaaMLGqdAm6zBFIg\/edit?chromeless=1\"><strong>Avisos de animal herido: link&nbsp;<\/strong><\/a><\/p>\n\n\n\n<p><a href=\"https:\/\/docs.google.com\/forms\/d\/e\/1FAIpQLSdqCd0cbAoHwt1DOl2jtzXYAw-Ps1O1A5s24zD1LNjuhq0AFQ\/viewform\"><strong>Infracciones\/denuncias: link&nbsp;<\/strong><\/a><\/p>\n","protected":false},"excerpt":{"rendered":"<p>La Direcci\u00f3n de Flora, Fauna Silvestre y Suelos (DFFSyS), dependiente de la Secretar\u00eda de Producci\u00f3n,&#8230;<\/p>\n","protected":false},"author":2,"featured_media":61668,"comment_status":"open","ping_status":"open","sticky":false,"template":"","format":"standard","meta":{"footnotes":""},"categories":[2],"tags":[],"class_list":["post-61667","post","type-post","status-publish","format-standard","has-post-thumbnail","hentry","category-locales"],"_links":{"self":[{"href":"https:\/\/masquenoticiastucuman.com.ar\/index.php?rest_route=\/wp\/v2\/posts\/61667","targetHints":{"allow":["GET"]}}],"collection":[{"href":"https:\/\/masquenoticiastucuman.com.ar\/index.php?rest_route=\/wp\/v2\/posts"}],"about":[{"href":"https:\/\/masquenoticiastucuman.com.ar\/index.php?rest_route=\/wp\/v2\/types\/post"}],"author":[{"embeddable":true,"href":"https:\/\/masquenoticiastucuman.com.ar\/index.php?rest_route=\/wp\/v2\/users\/2"}],"replies":[{"embeddable":true,"href":"https:\/\/masquenoticiastucuman.com.ar\/index.php?rest_route=%2Fwp%2Fv2%2Fcomments&post=61667"}],"version-history":[{"count":1,"href":"https:\/\/masquenoticiastucuman.com.ar\/index.php?rest_route=\/wp\/v2\/posts\/61667\/revisions"}],"predecessor-version":[{"id":61669,"href":"https:\/\/masquenoticiastucuman.com.ar\/index.php?rest_route=\/wp\/v2\/posts\/61667\/revisions\/61669"}],"wp:featuredmedia":[{"embeddable":true,"href":"https:\/\/masquenoticiastucuman.com.ar\/index.php?rest_route=\/wp\/v2\/media\/61668"}],"wp:attachment":[{"href":"https:\/\/masquenoticiastucuman.com.ar\/index.php?rest_route=%2Fwp%2Fv2%2Fmedia&parent=61667"}],"wp:term":[{"taxonomy":"category","embeddable":true,"href":"https:\/\/masquenoticiastucuman.com.ar\/index.php?rest_route=%2Fwp%2Fv2%2Fcategories&post=61667"},{"taxonomy":"post_tag","embeddable":true,"href":"https:\/\/masquenoticiastucuman.com.ar\/index.php?rest_route=%2Fwp%2Fv2%2Ftags&post=61667"}],"curies":[{"name":"wp","href":"https:\/\/api.w.org\/{rel}","templated":true}]}}