{"id":61672,"date":"2026-04-30T09:20:32","date_gmt":"2026-04-30T12:20:32","guid":{"rendered":"https:\/\/masquenoticiastucuman.com.ar\/?p=61672"},"modified":"2026-04-30T09:20:34","modified_gmt":"2026-04-30T12:20:34","slug":"el-miercoles-proximo-se-completa-el-pago-salarial-a-estatales","status":"publish","type":"post","link":"https:\/\/masquenoticiastucuman.com.ar\/?p=61672","title":{"rendered":"El mi\u00e9rcoles pr\u00f3ximo se completa el pago salarial a estatales"},"content":{"rendered":"\n<p>Hoy contin\u00faa el cronograma del 20% con trabajadores de la Administraci\u00f3n Publica, comunas rurales, Defensor\u00eda del Pueblo, entre otros<\/p>\n\n\n\n<p>La Tesorer\u00eda de la Provincia, organismo que depende de la Secretar\u00eda de Hacienda del Ministerio de Econom\u00eda y Producci\u00f3n, inform\u00f3 el cronograma del pago de sueldos del mes de abril. Primero, se abonar\u00e1 el 20% (parte proporcional) para luego continuar con el pago del 80% (parte complementaria).<\/p>\n\n\n\n<p><em><strong>Cronograma del 20%<\/strong><\/em><\/p>\n\n\n\n<p><strong>Jueves 30 de abril<\/strong><\/p>\n\n\n\n<p>Comunas Rurales<\/p>\n\n\n\n<p>Administraci\u00f3n Central<\/p>\n\n\n\n<p>Defensor\u00eda del Pueblo<\/p>\n\n\n\n<p>Tribunal de Cuentas<\/p>\n\n\n\n<p>Tribunal Fiscal de Apelaci\u00f3n<\/p>\n\n\n\n<p>Poder Legislativo<\/p>\n\n\n\n<p>Direcci\u00f3n Provincial de Vialidad (D.P.V.)<\/p>\n\n\n\n<p>Poder Judicial (Ctro. Jud. Concepci\u00f3n &#8211; Ctro. Judicial Monteros &#8211; Corte Suprema de Just. &#8211; Just. Paz Legal)<\/p>\n\n\n\n<p>Ministerio P\u00fablico Fiscal<\/p>\n\n\n\n<p>Ministerio Pupilar y de la Defensa<\/p>\n\n\n\n<p><strong>Viernes 1 de mayo<\/strong><\/p>\n\n\n\n<p>Municipios del Interior<\/p>\n\n\n\n<p>Direcci\u00f3n Recursos Hidricos<\/p>\n\n\n\n<p>Ente Aut\u00e1rquico Tucum\u00e1n Turismo<\/p>\n\n\n\n<p>Ente Cultural de Tucum\u00e1n<\/p>\n\n\n\n<p>Instituto Provincial Acci\u00f3n Cooperativa y Mutual (I.P.A.C.Y.M.)<\/p>\n\n\n\n<p>Servicio Provincial de Agua Potable y Saneamiento (S.E.P.A.P.Y.S.)<\/p>\n\n\n\n<p>Instituto Desarrollo Productivo<\/p>\n\n\n\n<p>Ente Infraestructura Comunitaria<\/p>\n\n\n\n<p>Inst. Promoci\u00f3n del Az\u00facar y Alcohol<\/p>\n\n\n\n<p>Ente Aut\u00e1rquico Teatro Mercedes Sosa<\/p>\n\n\n\n<p><em><strong>Cronograma del 80%<\/strong><\/em><\/p>\n\n\n\n<p><strong>Mi\u00e9rcoles 6 de mayo<\/strong><\/p>\n\n\n\n<p>Sistema Provincial de Salud (Si.Pro.Sa.)<\/p>\n\n\n\n<p>Instituto Provincial de la Vivienda<\/p>\n\n\n\n<p>Ente \u00danico de Reg. de Servic. Pub. Pcial. (E.R.S.E.P.T.)<\/p>\n\n\n\n<p>Estaci\u00f3n Experimental Agroindustrial Obispo Colombres<\/p>\n\n\n\n<p>Sociedad Aguas del Tucum\u00e1n<\/p>\n\n\n\n<p><strong>Jueves 7 de mayo<\/strong><\/p>\n\n\n\n<p>Seguridad (Dpto. Gral. de Polic\u00eda &#8211; Direc. Gral. de Institutos Penales)<\/p>\n\n\n\n<p>Educaci\u00f3n Establec. Provinciales (Esc. Provinciales Rep. 18 &#8211; Esc. Sec. Transferidas Rep. 25 &#8211; Esc. Sec. Transf. Rep. 26 &#8211; Esc. Sec. Transf. Rep. 27)<\/p>\n\n\n\n<p>Administraci\u00f3n Central<\/p>\n\n\n\n<p>Defensor\u00eda del Pueblo<\/p>\n\n\n\n<p>Instituto Provincial de Lucha contra el Alcoholismo<\/p>\n\n\n\n<p>Direcci\u00f3n Provincial de Vialidad (D.P.V.)<\/p>\n\n\n\n<p><strong>Viernes 8 de mayo<\/strong><\/p>\n\n\n\n<p>Educaci\u00f3n Establec. Provinciales (Esc. Provinciales Rep. 18 &#8211; Esc. Sec. Transferidas Rep. 25 &#8211; Esc. Sec. Transf. Rep. 26 &#8211; Esc. Sec. Transf. Rep. 27)<\/p>\n\n\n\n<p>Comunas Rurales<\/p>\n\n\n\n<p>Tribunal de Cuentas<\/p>\n\n\n\n<p>Tribunal Fiscal de Apelaci\u00f3n<\/p>\n\n\n\n<p>Jubilados fuera de convenio<\/p>\n\n\n\n<p>Renta vitalicia H\u00e9roes de Malvinas<\/p>\n\n\n\n<p>Asignaciones ex empleados Talleres de Taf\u00ed Viejo<\/p>\n\n\n\n<p>Poder Legislativo<\/p>\n\n\n\n<p><strong>S\u00e1bado 9 de mayo<\/strong><\/p>\n\n\n\n<p>Poder Judicial (Ctro. Jud. Concepci\u00f3n &#8211; Ctro. Judicial Monteros &#8211; Corte Suprema de Just. &#8211; Just. Paz Legal)<\/p>\n\n\n\n<p>Ministerio P\u00fablico Fiscal<\/p>\n\n\n\n<p>Ministerio Pupilar y de la Defensa<\/p>\n\n\n\n<p>Municipios del Interior<\/p>\n\n\n\n<p>Direcci\u00f3n Recursos H\u00eddricos<\/p>\n\n\n\n<p>Ente Aut\u00e1rquico Tucum\u00e1n Turismo<\/p>\n\n\n\n<p>Ente Cultural de Tucum\u00e1n<\/p>\n\n\n\n<p>Instituto Provincial Acci\u00f3n Cooperativa y Mutual (I.P.A.C.Y.M.)<\/p>\n\n\n\n<p>Servicio Provincial de Agua Potable y Saneamiento (S.E.P.A.P.Y.S.)<\/p>\n\n\n\n<p>Instituto Desarrollo Productivo<\/p>\n\n\n\n<p>Ente Infraestructura Comunitaria<\/p>\n\n\n\n<p>Inst. Promoci\u00f3n del Az\u00facar y Alcohol<\/p>\n\n\n\n<p>Ente Aut\u00e1rq. Teatro Mercedes Sosa<\/p>\n\n\n\n<p>Educaci\u00f3n Establecimientos P\u00fablicos de Gesti\u00f3n Privada (Privados Primarios, Secundarios, Terciarios Transferidos)<a href=\"https:\/\/www.radiobicentenario.com.ar\/banner\/clicktag\/MjJ8fHxodHRwczovL3d3dy5wYXJxdWVzYW5hZ3VzdGluLmNvbS5hci8\/dXRtX3NvdXJjZT1yZWZlcnJhbCZ1dG1fbWVkaXVtPXJhZGlvJnV0bV9jYW1wYWlnbj1iZW5lZmlj\" target=\"_blank\" rel=\"noreferrer noopener\"><\/a><\/p>\n","protected":false},"excerpt":{"rendered":"<p>Hoy contin\u00faa el cronograma del 20% con trabajadores de la Administraci\u00f3n Publica, comunas rurales, Defensor\u00eda&#8230;<\/p>\n","protected":false},"author":2,"featured_media":61673,"comment_status":"open","ping_status":"open","sticky":false,"template":"","format":"standard","meta":{"footnotes":""},"categories":[2],"tags":[],"class_list":["post-61672","post","type-post","status-publish","format-standard","has-post-thumbnail","hentry","category-locales"],"_links":{"self":[{"href":"https:\/\/masquenoticiastucuman.com.ar\/index.php?rest_route=\/wp\/v2\/posts\/61672","targetHints":{"allow":["GET"]}}],"collection":[{"href":"https:\/\/masquenoticiastucuman.com.ar\/index.php?rest_route=\/wp\/v2\/posts"}],"about":[{"href":"https:\/\/masquenoticiastucuman.com.ar\/index.php?rest_route=\/wp\/v2\/types\/post"}],"author":[{"embeddable":true,"href":"https:\/\/masquenoticiastucuman.com.ar\/index.php?rest_route=\/wp\/v2\/users\/2"}],"replies":[{"embeddable":true,"href":"https:\/\/masquenoticiastucuman.com.ar\/index.php?rest_route=%2Fwp%2Fv2%2Fcomments&post=61672"}],"version-history":[{"count":1,"href":"https:\/\/masquenoticiastucuman.com.ar\/index.php?rest_route=\/wp\/v2\/posts\/61672\/revisions"}],"predecessor-version":[{"id":61674,"href":"https:\/\/masquenoticiastucuman.com.ar\/index.php?rest_route=\/wp\/v2\/posts\/61672\/revisions\/61674"}],"wp:featuredmedia":[{"embeddable":true,"href":"https:\/\/masquenoticiastucuman.com.ar\/index.php?rest_route=\/wp\/v2\/media\/61673"}],"wp:attachment":[{"href":"https:\/\/masquenoticiastucuman.com.ar\/index.php?rest_route=%2Fwp%2Fv2%2Fmedia&parent=61672"}],"wp:term":[{"taxonomy":"category","embeddable":true,"href":"https:\/\/masquenoticiastucuman.com.ar\/index.php?rest_route=%2Fwp%2Fv2%2Fcategories&post=61672"},{"taxonomy":"post_tag","embeddable":true,"href":"https:\/\/masquenoticiastucuman.com.ar\/index.php?rest_route=%2Fwp%2Fv2%2Ftags&post=61672"}],"curies":[{"name":"wp","href":"https:\/\/api.w.org\/{rel}","templated":true}]}}