{"id":61675,"date":"2026-04-30T08:18:50","date_gmt":"2026-04-30T11:18:50","guid":{"rendered":"http:\/\/masquenoticiastucuman.com.ar\/?p=61675"},"modified":"2026-04-30T08:18:50","modified_gmt":"2026-04-30T11:18:50","slug":"guerra-entre-estados-unidos-israel-e-iran-en-vivo-mientras-sigue-el-fuego-cruzado-entre-las-fuerzas-israelies-y-hezbollah-trump-evalua-impulsar-una-nueva-coalicion-internacional","status":"publish","type":"post","link":"https:\/\/masquenoticiastucuman.com.ar\/?p=61675","title":{"rendered":"Guerra entre Estados Unidos, Israel e Ir\u00e1n, EN VIVO: mientras sigue el fuego cruzado entre las fuerzas israel\u00edes y Hezbollah, Trump eval\u00faa impulsar una nueva coalici\u00f3n internacional"},"content":{"rendered":"<ul>\n<li>El gobierno de Netanyahu volvi\u00f3 a denunciar que el grupo terrorista viola el alto el fuego en medio de la tregua por tiempo indeterminado que impuso el presidente norteamericano.<\/li>\n<li>Mientras tanto, en Washington se analiza la posibilidad de impulsar una nueva coalici\u00f3n internacional que responda m\u00e1s a los intereses estadounidenses, a diferencia de lo exhibido por la OTAN. <\/li>\n<li>Segu\u00ed todas las novedades sobre la guerra entre Estados Unidos, Israel e Ir\u00e1n en la cobertura minuto a minuto de Clar\u00edn.<\/li>\n<\/ul>\n<p>\u200bEl gobierno de Netanyahu volvi\u00f3 a denunciar que el grupo terrorista viola el alto el fuego en medio de la tregua por tiempo indeterminado que impuso el presidente norteamericano.Mientras tanto, en Washington se analiza la posibilidad de impulsar una nueva coalici\u00f3n internacional que responda m\u00e1s a los intereses estadounidenses, a diferencia de lo exhibido por la OTAN. Segu\u00ed todas las novedades sobre la guerra entre Estados Unidos, Israel e Ir\u00e1n en la cobertura minuto a minuto de Clar\u00edn.\u00a0<a href=\"https:\/\/www.clarin.com\/mundo\/guerra-estados-unidos-israel-iran-vivo-sigue-fuego-cruzado-fuerzas-israelies-hezbollah-trump-evalua-impulsar-nueva-coalicion-internacional_0_8JDPjFTrjG.html\" target=\"_blank\" class=\"feedzy-rss-link-icon\">Read More<\/a><\/p>","protected":false},"excerpt":{"rendered":"<p>El gobierno de Netanyahu volvi\u00f3 a denunciar que el grupo terrorista viola el alto el&#8230;<\/p>\n","protected":false},"author":1,"featured_media":61676,"comment_status":"open","ping_status":"open","sticky":false,"template":"","format":"standard","meta":{"footnotes":""},"categories":[4],"tags":[],"class_list":["post-61675","post","type-post","status-publish","format-standard","has-post-thumbnail","hentry","category-internacionales"],"_links":{"self":[{"href":"https:\/\/masquenoticiastucuman.com.ar\/index.php?rest_route=\/wp\/v2\/posts\/61675","targetHints":{"allow":["GET"]}}],"collection":[{"href":"https:\/\/masquenoticiastucuman.com.ar\/index.php?rest_route=\/wp\/v2\/posts"}],"about":[{"href":"https:\/\/masquenoticiastucuman.com.ar\/index.php?rest_route=\/wp\/v2\/types\/post"}],"author":[{"embeddable":true,"href":"https:\/\/masquenoticiastucuman.com.ar\/index.php?rest_route=\/wp\/v2\/users\/1"}],"replies":[{"embeddable":true,"href":"https:\/\/masquenoticiastucuman.com.ar\/index.php?rest_route=%2Fwp%2Fv2%2Fcomments&post=61675"}],"version-history":[{"count":0,"href":"https:\/\/masquenoticiastucuman.com.ar\/index.php?rest_route=\/wp\/v2\/posts\/61675\/revisions"}],"wp:featuredmedia":[{"embeddable":true,"href":"https:\/\/masquenoticiastucuman.com.ar\/index.php?rest_route=\/wp\/v2\/media\/61676"}],"wp:attachment":[{"href":"https:\/\/masquenoticiastucuman.com.ar\/index.php?rest_route=%2Fwp%2Fv2%2Fmedia&parent=61675"}],"wp:term":[{"taxonomy":"category","embeddable":true,"href":"https:\/\/masquenoticiastucuman.com.ar\/index.php?rest_route=%2Fwp%2Fv2%2Fcategories&post=61675"},{"taxonomy":"post_tag","embeddable":true,"href":"https:\/\/masquenoticiastucuman.com.ar\/index.php?rest_route=%2Fwp%2Fv2%2Ftags&post=61675"}],"curies":[{"name":"wp","href":"https:\/\/api.w.org\/{rel}","templated":true}]}}