{"id":61677,"date":"2026-04-30T07:57:15","date_gmt":"2026-04-30T10:57:15","guid":{"rendered":"http:\/\/masquenoticiastucuman.com.ar\/?p=61677"},"modified":"2026-04-30T07:57:15","modified_gmt":"2026-04-30T10:57:15","slug":"el-precio-del-petroleo-se-dispara-a-su-mayor-nivel-en-cuatro-anos-tras-advertencias-de-trump-y-posibles-nuevos-ataques-a-iran","status":"publish","type":"post","link":"https:\/\/masquenoticiastucuman.com.ar\/?p=61677","title":{"rendered":"El precio del petr\u00f3leo se dispara a su mayor nivel en cuatro a\u00f1os tras advertencias de Trump y posibles nuevos ataques a Ir\u00e1n"},"content":{"rendered":"<ul>\n<li>El barril de Brent del mar del Norte, referente mundial, subi\u00f3 un 7,1% a 126,41 d\u00f3lares.<\/li>\n<li>Nuevos planes para una posible intervenci\u00f3n del ej\u00e9rcito estadounidense contra el r\u00e9gimen iran\u00ed para forzarlo a negociar tambi\u00e9n empujaron los precios.<\/li>\n<\/ul>\n<p>\u200bEl barril de Brent del mar del Norte, referente mundial, subi\u00f3 un 7,1% a 126,41 d\u00f3lares.Nuevos planes para una posible intervenci\u00f3n del ej\u00e9rcito estadounidense contra el r\u00e9gimen iran\u00ed para forzarlo a negociar tambi\u00e9n empujaron los precios.\u00a0<a href=\"https:\/\/www.clarin.com\/mundo\/precio-petroleo-dispara-mayor-nivel-anos-advertencias-trump-posibles-nuevos-ataques-iran_0_k5KR786iBn.html\" target=\"_blank\" class=\"feedzy-rss-link-icon\">Read More<\/a><\/p>","protected":false},"excerpt":{"rendered":"<p>El barril de Brent del mar del Norte, referente mundial, subi\u00f3 un 7,1% a 126,41&#8230;<\/p>\n","protected":false},"author":1,"featured_media":61678,"comment_status":"open","ping_status":"open","sticky":false,"template":"","format":"standard","meta":{"footnotes":""},"categories":[4],"tags":[],"class_list":["post-61677","post","type-post","status-publish","format-standard","has-post-thumbnail","hentry","category-internacionales"],"_links":{"self":[{"href":"https:\/\/masquenoticiastucuman.com.ar\/index.php?rest_route=\/wp\/v2\/posts\/61677","targetHints":{"allow":["GET"]}}],"collection":[{"href":"https:\/\/masquenoticiastucuman.com.ar\/index.php?rest_route=\/wp\/v2\/posts"}],"about":[{"href":"https:\/\/masquenoticiastucuman.com.ar\/index.php?rest_route=\/wp\/v2\/types\/post"}],"author":[{"embeddable":true,"href":"https:\/\/masquenoticiastucuman.com.ar\/index.php?rest_route=\/wp\/v2\/users\/1"}],"replies":[{"embeddable":true,"href":"https:\/\/masquenoticiastucuman.com.ar\/index.php?rest_route=%2Fwp%2Fv2%2Fcomments&post=61677"}],"version-history":[{"count":0,"href":"https:\/\/masquenoticiastucuman.com.ar\/index.php?rest_route=\/wp\/v2\/posts\/61677\/revisions"}],"wp:featuredmedia":[{"embeddable":true,"href":"https:\/\/masquenoticiastucuman.com.ar\/index.php?rest_route=\/wp\/v2\/media\/61678"}],"wp:attachment":[{"href":"https:\/\/masquenoticiastucuman.com.ar\/index.php?rest_route=%2Fwp%2Fv2%2Fmedia&parent=61677"}],"wp:term":[{"taxonomy":"category","embeddable":true,"href":"https:\/\/masquenoticiastucuman.com.ar\/index.php?rest_route=%2Fwp%2Fv2%2Fcategories&post=61677"},{"taxonomy":"post_tag","embeddable":true,"href":"https:\/\/masquenoticiastucuman.com.ar\/index.php?rest_route=%2Fwp%2Fv2%2Ftags&post=61677"}],"curies":[{"name":"wp","href":"https:\/\/api.w.org\/{rel}","templated":true}]}}