{"id":61679,"date":"2026-04-30T08:22:35","date_gmt":"2026-04-30T11:22:35","guid":{"rendered":"http:\/\/masquenoticiastucuman.com.ar\/?p=61679"},"modified":"2026-04-30T08:22:35","modified_gmt":"2026-04-30T11:22:35","slug":"david-allan-coe-leyenda-de-la-musica-country-murio-a-los-86-anos","status":"publish","type":"post","link":"https:\/\/masquenoticiastucuman.com.ar\/?p=61679","title":{"rendered":"David Allan Coe, leyenda de la m\u00fasica country, muri\u00f3 a los 86 a\u00f1os"},"content":{"rendered":"<ul>\n<li>El autor de <em>&#8220;Take This Job and Shove It&#8221; y &#8220;The Ride&#8221; <\/em>falleci\u00f3 en cuidados intensivos tras d\u00e9cadas de desafiar las normas de Nashville con su m\u00fasica y su vida.<\/li>\n<li>La viuda del cantante confirm\u00f3 la muerte de la leyenda del outlaw country.<\/li>\n<\/ul>\n<p>\u200bEl autor de &#8220;Take This Job and Shove It&#8221; y &#8220;The Ride&#8221; falleci\u00f3 en cuidados intensivos tras d\u00e9cadas de desafiar las normas de Nashville con su m\u00fasica y su vida.La viuda del cantante confirm\u00f3 la muerte de la leyenda del outlaw country.\u00a0<a href=\"https:\/\/www.clarin.com\/estados-unidos\/david-allan-coe-leyenda-musica-country-murio-86-anos_0_D8DQ99BIL2.html\" target=\"_blank\" class=\"feedzy-rss-link-icon\">Read More<\/a><\/p>","protected":false},"excerpt":{"rendered":"<p>El autor de &#8220;Take This Job and Shove It&#8221; y &#8220;The Ride&#8221; falleci\u00f3 en cuidados&#8230;<\/p>\n","protected":false},"author":1,"featured_media":0,"comment_status":"open","ping_status":"open","sticky":false,"template":"","format":"standard","meta":{"footnotes":""},"categories":[5],"tags":[],"class_list":["post-61679","post","type-post","status-publish","format-standard","has-post-thumbnail","hentry","category-espectaculo"],"_links":{"self":[{"href":"https:\/\/masquenoticiastucuman.com.ar\/index.php?rest_route=\/wp\/v2\/posts\/61679","targetHints":{"allow":["GET"]}}],"collection":[{"href":"https:\/\/masquenoticiastucuman.com.ar\/index.php?rest_route=\/wp\/v2\/posts"}],"about":[{"href":"https:\/\/masquenoticiastucuman.com.ar\/index.php?rest_route=\/wp\/v2\/types\/post"}],"author":[{"embeddable":true,"href":"https:\/\/masquenoticiastucuman.com.ar\/index.php?rest_route=\/wp\/v2\/users\/1"}],"replies":[{"embeddable":true,"href":"https:\/\/masquenoticiastucuman.com.ar\/index.php?rest_route=%2Fwp%2Fv2%2Fcomments&post=61679"}],"version-history":[{"count":0,"href":"https:\/\/masquenoticiastucuman.com.ar\/index.php?rest_route=\/wp\/v2\/posts\/61679\/revisions"}],"wp:attachment":[{"href":"https:\/\/masquenoticiastucuman.com.ar\/index.php?rest_route=%2Fwp%2Fv2%2Fmedia&parent=61679"}],"wp:term":[{"taxonomy":"category","embeddable":true,"href":"https:\/\/masquenoticiastucuman.com.ar\/index.php?rest_route=%2Fwp%2Fv2%2Fcategories&post=61679"},{"taxonomy":"post_tag","embeddable":true,"href":"https:\/\/masquenoticiastucuman.com.ar\/index.php?rest_route=%2Fwp%2Fv2%2Ftags&post=61679"}],"curies":[{"name":"wp","href":"https:\/\/api.w.org\/{rel}","templated":true}]}}