{"id":61681,"date":"2026-04-30T06:02:09","date_gmt":"2026-04-30T09:02:09","guid":{"rendered":"http:\/\/masquenoticiastucuman.com.ar\/?p=61681"},"modified":"2026-04-30T06:02:09","modified_gmt":"2026-04-30T09:02:09","slug":"marcos-rojo-puede-jugar-para-racing-la-afa-tomo-otra-decision-polemica-y-le-perdono-la-mitad-de-la-sancion-por-la-catarata-de-insultos-al-arbitro-zunino-en-el-clasico-vs-river","status":"publish","type":"post","link":"https:\/\/masquenoticiastucuman.com.ar\/?p=61681","title":{"rendered":"Marcos Rojo puede jugar para Racing: la AFA tom\u00f3 otra decisi\u00f3n pol\u00e9mica y le perdon\u00f3 la mitad de la sanci\u00f3n por la catarata de insultos al \u00e1rbitro Zunino en el cl\u00e1sico vs River"},"content":{"rendered":"<ul>\n<li>El defensor de la Academia hab\u00eda visto la roja por pegarle un codazo a Mart\u00ednez Quarta y le dieron cuatro fechas.<\/li>\n<li>El Tribunal de Disciplina dio por cumplida la sanci\u00f3n tras dos encuentros y podr\u00e1 estar en el decisivo encuentro contra Hurac\u00e1n.<\/li>\n<\/ul>\n<p>\u200bEl defensor de la Academia hab\u00eda visto la roja por pegarle un codazo a Mart\u00ednez Quarta y le dieron cuatro fechas.El Tribunal de Disciplina dio por cumplida la sanci\u00f3n tras dos encuentros y podr\u00e1 estar en el decisivo encuentro contra Hurac\u00e1n.\u00a0<a href=\"https:\/\/www.clarin.com\/deportes\/marcos-rojo-puede-jugar-racing-afa-tomo-polemica-perdono-mitad-sancion-catarata-insultos-arbitro-zunino-clasico-vs-river_0_1XZl8FUkOX.html\" target=\"_blank\" class=\"feedzy-rss-link-icon\">Read More<\/a><\/p>","protected":false},"excerpt":{"rendered":"<p>El defensor de la Academia hab\u00eda visto la roja por pegarle un codazo a Mart\u00ednez&#8230;<\/p>\n","protected":false},"author":1,"featured_media":0,"comment_status":"open","ping_status":"open","sticky":false,"template":"","format":"standard","meta":{"footnotes":""},"categories":[6],"tags":[],"class_list":["post-61681","post","type-post","status-publish","format-standard","has-post-thumbnail","hentry","category-deportes"],"_links":{"self":[{"href":"https:\/\/masquenoticiastucuman.com.ar\/index.php?rest_route=\/wp\/v2\/posts\/61681","targetHints":{"allow":["GET"]}}],"collection":[{"href":"https:\/\/masquenoticiastucuman.com.ar\/index.php?rest_route=\/wp\/v2\/posts"}],"about":[{"href":"https:\/\/masquenoticiastucuman.com.ar\/index.php?rest_route=\/wp\/v2\/types\/post"}],"author":[{"embeddable":true,"href":"https:\/\/masquenoticiastucuman.com.ar\/index.php?rest_route=\/wp\/v2\/users\/1"}],"replies":[{"embeddable":true,"href":"https:\/\/masquenoticiastucuman.com.ar\/index.php?rest_route=%2Fwp%2Fv2%2Fcomments&post=61681"}],"version-history":[{"count":0,"href":"https:\/\/masquenoticiastucuman.com.ar\/index.php?rest_route=\/wp\/v2\/posts\/61681\/revisions"}],"wp:attachment":[{"href":"https:\/\/masquenoticiastucuman.com.ar\/index.php?rest_route=%2Fwp%2Fv2%2Fmedia&parent=61681"}],"wp:term":[{"taxonomy":"category","embeddable":true,"href":"https:\/\/masquenoticiastucuman.com.ar\/index.php?rest_route=%2Fwp%2Fv2%2Fcategories&post=61681"},{"taxonomy":"post_tag","embeddable":true,"href":"https:\/\/masquenoticiastucuman.com.ar\/index.php?rest_route=%2Fwp%2Fv2%2Ftags&post=61681"}],"curies":[{"name":"wp","href":"https:\/\/api.w.org\/{rel}","templated":true}]}}