{"id":61684,"date":"2026-04-30T09:54:34","date_gmt":"2026-04-30T12:54:34","guid":{"rendered":"http:\/\/masquenoticiastucuman.com.ar\/?p=61684"},"modified":"2026-04-30T09:54:34","modified_gmt":"2026-04-30T12:54:34","slug":"denuncian-que-hay-argentinos-en-la-flotilla-que-llevaba-ayuda-a-gaza-y-fue-interceptada-por-israel-en-aguas-internacionales","status":"publish","type":"post","link":"https:\/\/masquenoticiastucuman.com.ar\/?p=61684","title":{"rendered":"Denuncian que hay argentinos en la Flotilla que llevaba ayuda a Gaza y fue interceptada por Israel en aguas internacionales"},"content":{"rendered":"<ul>\n<li>Se trata de militantes del Frente de Izquierda, que viajaban en una de las naves capturadas por el ej\u00e9rcito israel\u00ed.<\/li>\n<li>Preocupaci\u00f3n por el paradero de algunos barcos a los que les inutilizaron el motor y quedaron a la deriva.<\/li>\n<\/ul>\n<p>\u200bSe trata de militantes del Frente de Izquierda, que viajaban en una de las naves capturadas por el ej\u00e9rcito israel\u00ed.Preocupaci\u00f3n por el paradero de algunos barcos a los que les inutilizaron el motor y quedaron a la deriva.\u00a0<a href=\"https:\/\/www.clarin.com\/mundo\/denuncian-argentinos-flotilla-llevaba-ayuda-gaza-interceptada-israel-aguas-internacionales_0_I05FhK0kEo.html\" target=\"_blank\" class=\"feedzy-rss-link-icon\">Read More<\/a><\/p>","protected":false},"excerpt":{"rendered":"<p>Se trata de militantes del Frente de Izquierda, que viajaban en una de las naves&#8230;<\/p>\n","protected":false},"author":1,"featured_media":61685,"comment_status":"open","ping_status":"open","sticky":false,"template":"","format":"standard","meta":{"footnotes":""},"categories":[4],"tags":[],"class_list":["post-61684","post","type-post","status-publish","format-standard","has-post-thumbnail","hentry","category-internacionales"],"_links":{"self":[{"href":"https:\/\/masquenoticiastucuman.com.ar\/index.php?rest_route=\/wp\/v2\/posts\/61684","targetHints":{"allow":["GET"]}}],"collection":[{"href":"https:\/\/masquenoticiastucuman.com.ar\/index.php?rest_route=\/wp\/v2\/posts"}],"about":[{"href":"https:\/\/masquenoticiastucuman.com.ar\/index.php?rest_route=\/wp\/v2\/types\/post"}],"author":[{"embeddable":true,"href":"https:\/\/masquenoticiastucuman.com.ar\/index.php?rest_route=\/wp\/v2\/users\/1"}],"replies":[{"embeddable":true,"href":"https:\/\/masquenoticiastucuman.com.ar\/index.php?rest_route=%2Fwp%2Fv2%2Fcomments&post=61684"}],"version-history":[{"count":0,"href":"https:\/\/masquenoticiastucuman.com.ar\/index.php?rest_route=\/wp\/v2\/posts\/61684\/revisions"}],"wp:featuredmedia":[{"embeddable":true,"href":"https:\/\/masquenoticiastucuman.com.ar\/index.php?rest_route=\/wp\/v2\/media\/61685"}],"wp:attachment":[{"href":"https:\/\/masquenoticiastucuman.com.ar\/index.php?rest_route=%2Fwp%2Fv2%2Fmedia&parent=61684"}],"wp:term":[{"taxonomy":"category","embeddable":true,"href":"https:\/\/masquenoticiastucuman.com.ar\/index.php?rest_route=%2Fwp%2Fv2%2Fcategories&post=61684"},{"taxonomy":"post_tag","embeddable":true,"href":"https:\/\/masquenoticiastucuman.com.ar\/index.php?rest_route=%2Fwp%2Fv2%2Ftags&post=61684"}],"curies":[{"name":"wp","href":"https:\/\/api.w.org\/{rel}","templated":true}]}}