{"id":61688,"date":"2026-04-30T10:30:39","date_gmt":"2026-04-30T13:30:39","guid":{"rendered":"http:\/\/masquenoticiastucuman.com.ar\/?p=61688"},"modified":"2026-04-30T10:30:39","modified_gmt":"2026-04-30T13:30:39","slug":"el-encargado-llego-un-dia-antes-de-lo-previsto-sin-dar-demasiadas-explicaciones","status":"publish","type":"post","link":"https:\/\/masquenoticiastucuman.com.ar\/?p=61688","title":{"rendered":"El Encargado lleg\u00f3 un d\u00eda antes de lo previsto sin dar demasiadas explicaciones"},"content":{"rendered":"<ul>\n<li>Anunciada para el viernes 1\u00b0 de mayo, la cuarta temporada de la serie de Guillermo Francella est\u00e1 disponible en Disney+ desde este jueves 30 de abril. <\/li>\n<li>Si bien los cap\u00edtulos subieron silenciosamente a la madrugada, la plataforma hizo el anuncio oficial reci\u00e9n a las 10. <\/li>\n<li>Qu\u00e9 d\u00edas estar\u00e1 disponible la estatua de Eliseo (el personaje central) en las Barrancas de Belgrano.<\/li>\n<\/ul>\n<p>\u200bAnunciada para el viernes 1\u00b0 de mayo, la cuarta temporada de la serie de Guillermo Francella est\u00e1 disponible en Disney+ desde este jueves 30 de abril. Si bien los cap\u00edtulos subieron silenciosamente a la madrugada, la plataforma hizo el anuncio oficial reci\u00e9n a las 10. Qu\u00e9 d\u00edas estar\u00e1 disponible la estatua de Eliseo (el personaje central) en las Barrancas de Belgrano.\u00a0<a href=\"https:\/\/www.clarin.com\/espectaculos\/encargado-llego-dia-previsto-dar-demasiadas-explicaciones_0_ji5nggOg1X.html\" target=\"_blank\" class=\"feedzy-rss-link-icon\">Read More<\/a><\/p>","protected":false},"excerpt":{"rendered":"<p>Anunciada para el viernes 1\u00b0 de mayo, la cuarta temporada de la serie de Guillermo&#8230;<\/p>\n","protected":false},"author":1,"featured_media":0,"comment_status":"open","ping_status":"open","sticky":false,"template":"","format":"standard","meta":{"footnotes":""},"categories":[5],"tags":[],"class_list":["post-61688","post","type-post","status-publish","format-standard","has-post-thumbnail","hentry","category-espectaculo"],"_links":{"self":[{"href":"https:\/\/masquenoticiastucuman.com.ar\/index.php?rest_route=\/wp\/v2\/posts\/61688","targetHints":{"allow":["GET"]}}],"collection":[{"href":"https:\/\/masquenoticiastucuman.com.ar\/index.php?rest_route=\/wp\/v2\/posts"}],"about":[{"href":"https:\/\/masquenoticiastucuman.com.ar\/index.php?rest_route=\/wp\/v2\/types\/post"}],"author":[{"embeddable":true,"href":"https:\/\/masquenoticiastucuman.com.ar\/index.php?rest_route=\/wp\/v2\/users\/1"}],"replies":[{"embeddable":true,"href":"https:\/\/masquenoticiastucuman.com.ar\/index.php?rest_route=%2Fwp%2Fv2%2Fcomments&post=61688"}],"version-history":[{"count":0,"href":"https:\/\/masquenoticiastucuman.com.ar\/index.php?rest_route=\/wp\/v2\/posts\/61688\/revisions"}],"wp:attachment":[{"href":"https:\/\/masquenoticiastucuman.com.ar\/index.php?rest_route=%2Fwp%2Fv2%2Fmedia&parent=61688"}],"wp:term":[{"taxonomy":"category","embeddable":true,"href":"https:\/\/masquenoticiastucuman.com.ar\/index.php?rest_route=%2Fwp%2Fv2%2Fcategories&post=61688"},{"taxonomy":"post_tag","embeddable":true,"href":"https:\/\/masquenoticiastucuman.com.ar\/index.php?rest_route=%2Fwp%2Fv2%2Ftags&post=61688"}],"curies":[{"name":"wp","href":"https:\/\/api.w.org\/{rel}","templated":true}]}}