{"id":61689,"date":"2026-04-30T10:42:56","date_gmt":"2026-04-30T13:42:56","guid":{"rendered":"http:\/\/masquenoticiastucuman.com.ar\/?p=61689"},"modified":"2026-04-30T10:42:56","modified_gmt":"2026-04-30T13:42:56","slug":"formula-2-en-miami-horarios-cronograma-y-donde-ver-al-argentino-nicolas-varrone","status":"publish","type":"post","link":"https:\/\/masquenoticiastucuman.com.ar\/?p=61689","title":{"rendered":"F\u00f3rmula 2 en Miami: horarios, cronograma y d\u00f3nde ver al argentino Nicol\u00e1s Varrone"},"content":{"rendered":"<ul>\n<li>Tras una larga pausa por la cancelaci\u00f3n de los GP en Medio Oriente, este fin de semana se disputar\u00e1 la segunda carrera del calendario.<\/li>\n<li>El Gran Premio se podr\u00e1 ver por televisi\u00f3n y streaming. <\/li>\n<\/ul>\n<p>\u200bTras una larga pausa por la cancelaci\u00f3n de los GP en Medio Oriente, este fin de semana se disputar\u00e1 la segunda carrera del calendario.El Gran Premio se podr\u00e1 ver por televisi\u00f3n y streaming.\u00a0<a href=\"https:\/\/www.clarin.com\/deportes\/formula-2-miami-horarios-cronograma-ver-argentino-nicolas-varrone_0_EuaiNXAsog.html\" target=\"_blank\" class=\"feedzy-rss-link-icon\">Read More<\/a><\/p>","protected":false},"excerpt":{"rendered":"<p>Tras una larga pausa por la cancelaci\u00f3n de los GP en Medio Oriente, este fin&#8230;<\/p>\n","protected":false},"author":1,"featured_media":0,"comment_status":"open","ping_status":"open","sticky":false,"template":"","format":"standard","meta":{"footnotes":""},"categories":[6],"tags":[],"class_list":["post-61689","post","type-post","status-publish","format-standard","has-post-thumbnail","hentry","category-deportes"],"_links":{"self":[{"href":"https:\/\/masquenoticiastucuman.com.ar\/index.php?rest_route=\/wp\/v2\/posts\/61689","targetHints":{"allow":["GET"]}}],"collection":[{"href":"https:\/\/masquenoticiastucuman.com.ar\/index.php?rest_route=\/wp\/v2\/posts"}],"about":[{"href":"https:\/\/masquenoticiastucuman.com.ar\/index.php?rest_route=\/wp\/v2\/types\/post"}],"author":[{"embeddable":true,"href":"https:\/\/masquenoticiastucuman.com.ar\/index.php?rest_route=\/wp\/v2\/users\/1"}],"replies":[{"embeddable":true,"href":"https:\/\/masquenoticiastucuman.com.ar\/index.php?rest_route=%2Fwp%2Fv2%2Fcomments&post=61689"}],"version-history":[{"count":0,"href":"https:\/\/masquenoticiastucuman.com.ar\/index.php?rest_route=\/wp\/v2\/posts\/61689\/revisions"}],"wp:attachment":[{"href":"https:\/\/masquenoticiastucuman.com.ar\/index.php?rest_route=%2Fwp%2Fv2%2Fmedia&parent=61689"}],"wp:term":[{"taxonomy":"category","embeddable":true,"href":"https:\/\/masquenoticiastucuman.com.ar\/index.php?rest_route=%2Fwp%2Fv2%2Fcategories&post=61689"},{"taxonomy":"post_tag","embeddable":true,"href":"https:\/\/masquenoticiastucuman.com.ar\/index.php?rest_route=%2Fwp%2Fv2%2Ftags&post=61689"}],"curies":[{"name":"wp","href":"https:\/\/api.w.org\/{rel}","templated":true}]}}