{"id":61690,"date":"2026-04-30T10:22:56","date_gmt":"2026-04-30T13:22:56","guid":{"rendered":"http:\/\/masquenoticiastucuman.com.ar\/?p=61690"},"modified":"2026-04-30T10:22:56","modified_gmt":"2026-04-30T13:22:56","slug":"un-equipo-de-la-premier-se-quedo-sin-dt-y-el-interino-se-llama-michael-jackson-lluvia-de-memes-y-burlas-de-todo-tipo-en-honor-al-rey-del-pop","status":"publish","type":"post","link":"https:\/\/masquenoticiastucuman.com.ar\/?p=61690","title":{"rendered":"Un equipo de la Premier se qued\u00f3 sin DT y el interino se llama Michael Jackson: lluvia de memes y burlas de todo tipo en honor al Rey del Pop"},"content":{"rendered":"<ul>\n<li>Se trata del Burnley, que ascendi\u00f3 esta temporada y volvi\u00f3 a descender.<\/li>\n<li>Esta ma\u00f1ana se anunci\u00f3 la partida de Scott Parker tras dos a\u00f1os en el club.<\/li>\n<li>Su reemplazante, hom\u00f3nimo del artista, lo puso en boca de todos.<\/li>\n<\/ul>\n<p>\u200bSe trata del Burnley, que ascendi\u00f3 esta temporada y volvi\u00f3 a descender.Esta ma\u00f1ana se anunci\u00f3 la partida de Scott Parker tras dos a\u00f1os en el club.Su reemplazante, hom\u00f3nimo del artista, lo puso en boca de todos.\u00a0<a href=\"https:\/\/www.clarin.com\/deportes\/equipo-premier-quedo-dt-interino-llama-michael-jackson-lluvia-memes-burlas-tipo-honor-rey-pop_0_MO3rs6yAdk.html\" target=\"_blank\" class=\"feedzy-rss-link-icon\">Read More<\/a><\/p>","protected":false},"excerpt":{"rendered":"<p>Se trata del Burnley, que ascendi\u00f3 esta temporada y volvi\u00f3 a descender. Esta ma\u00f1ana se&#8230;<\/p>\n","protected":false},"author":1,"featured_media":0,"comment_status":"open","ping_status":"open","sticky":false,"template":"","format":"standard","meta":{"footnotes":""},"categories":[6],"tags":[],"class_list":["post-61690","post","type-post","status-publish","format-standard","has-post-thumbnail","hentry","category-deportes"],"_links":{"self":[{"href":"https:\/\/masquenoticiastucuman.com.ar\/index.php?rest_route=\/wp\/v2\/posts\/61690","targetHints":{"allow":["GET"]}}],"collection":[{"href":"https:\/\/masquenoticiastucuman.com.ar\/index.php?rest_route=\/wp\/v2\/posts"}],"about":[{"href":"https:\/\/masquenoticiastucuman.com.ar\/index.php?rest_route=\/wp\/v2\/types\/post"}],"author":[{"embeddable":true,"href":"https:\/\/masquenoticiastucuman.com.ar\/index.php?rest_route=\/wp\/v2\/users\/1"}],"replies":[{"embeddable":true,"href":"https:\/\/masquenoticiastucuman.com.ar\/index.php?rest_route=%2Fwp%2Fv2%2Fcomments&post=61690"}],"version-history":[{"count":0,"href":"https:\/\/masquenoticiastucuman.com.ar\/index.php?rest_route=\/wp\/v2\/posts\/61690\/revisions"}],"wp:attachment":[{"href":"https:\/\/masquenoticiastucuman.com.ar\/index.php?rest_route=%2Fwp%2Fv2%2Fmedia&parent=61690"}],"wp:term":[{"taxonomy":"category","embeddable":true,"href":"https:\/\/masquenoticiastucuman.com.ar\/index.php?rest_route=%2Fwp%2Fv2%2Fcategories&post=61690"},{"taxonomy":"post_tag","embeddable":true,"href":"https:\/\/masquenoticiastucuman.com.ar\/index.php?rest_route=%2Fwp%2Fv2%2Ftags&post=61690"}],"curies":[{"name":"wp","href":"https:\/\/api.w.org\/{rel}","templated":true}]}}