{"id":61692,"date":"2026-04-30T11:37:16","date_gmt":"2026-04-30T14:37:16","guid":{"rendered":"http:\/\/masquenoticiastucuman.com.ar\/?p=61692"},"modified":"2026-04-30T11:37:16","modified_gmt":"2026-04-30T14:37:16","slug":"una-relacion-en-caida-trump-anuncia-que-retirara-miles-de-soldados-de-bases-alemanas-y-castiga-a-merz","status":"publish","type":"post","link":"https:\/\/masquenoticiastucuman.com.ar\/?p=61692","title":{"rendered":"Una relaci\u00f3n en ca\u00edda: Trump anuncia que retirar\u00e1 miles de soldados de bases alemanas y castiga a Merz"},"content":{"rendered":"<ul>\n<li>Trump amenaz\u00f3 en redes con retirar cerca de 40 mil soldados de Alemania.<\/li>\n<li>Ocurre luego de que Merz dijera que EE.UU. estaba siendo \u201chumillado\u201d por el r\u00e9gimen iran\u00ed.<\/li>\n<\/ul>\n<p>\u200bTrump amenaz\u00f3 en redes con retirar cerca de 40 mil soldados de Alemania.Ocurre luego de que Merz dijera que EE.UU. estaba siendo \u201chumillado\u201d por el r\u00e9gimen iran\u00ed.\u00a0<a href=\"https:\/\/www.clarin.com\/mundo\/relacion-caida-trump-anuncia-retirara-miles-soldados-bases-alemanas-castiga-merz_0_OGlJ82kjR3.html\" target=\"_blank\" class=\"feedzy-rss-link-icon\">Read More<\/a><\/p>","protected":false},"excerpt":{"rendered":"<p>Trump amenaz\u00f3 en redes con retirar cerca de 40 mil soldados de Alemania. Ocurre luego&#8230;<\/p>\n","protected":false},"author":1,"featured_media":61693,"comment_status":"open","ping_status":"open","sticky":false,"template":"","format":"standard","meta":{"footnotes":""},"categories":[4],"tags":[],"class_list":["post-61692","post","type-post","status-publish","format-standard","has-post-thumbnail","hentry","category-internacionales"],"_links":{"self":[{"href":"https:\/\/masquenoticiastucuman.com.ar\/index.php?rest_route=\/wp\/v2\/posts\/61692","targetHints":{"allow":["GET"]}}],"collection":[{"href":"https:\/\/masquenoticiastucuman.com.ar\/index.php?rest_route=\/wp\/v2\/posts"}],"about":[{"href":"https:\/\/masquenoticiastucuman.com.ar\/index.php?rest_route=\/wp\/v2\/types\/post"}],"author":[{"embeddable":true,"href":"https:\/\/masquenoticiastucuman.com.ar\/index.php?rest_route=\/wp\/v2\/users\/1"}],"replies":[{"embeddable":true,"href":"https:\/\/masquenoticiastucuman.com.ar\/index.php?rest_route=%2Fwp%2Fv2%2Fcomments&post=61692"}],"version-history":[{"count":0,"href":"https:\/\/masquenoticiastucuman.com.ar\/index.php?rest_route=\/wp\/v2\/posts\/61692\/revisions"}],"wp:featuredmedia":[{"embeddable":true,"href":"https:\/\/masquenoticiastucuman.com.ar\/index.php?rest_route=\/wp\/v2\/media\/61693"}],"wp:attachment":[{"href":"https:\/\/masquenoticiastucuman.com.ar\/index.php?rest_route=%2Fwp%2Fv2%2Fmedia&parent=61692"}],"wp:term":[{"taxonomy":"category","embeddable":true,"href":"https:\/\/masquenoticiastucuman.com.ar\/index.php?rest_route=%2Fwp%2Fv2%2Fcategories&post=61692"},{"taxonomy":"post_tag","embeddable":true,"href":"https:\/\/masquenoticiastucuman.com.ar\/index.php?rest_route=%2Fwp%2Fv2%2Ftags&post=61692"}],"curies":[{"name":"wp","href":"https:\/\/api.w.org\/{rel}","templated":true}]}}