{"id":61697,"date":"2026-04-30T13:17:15","date_gmt":"2026-04-30T16:17:15","guid":{"rendered":"http:\/\/masquenoticiastucuman.com.ar\/?p=61697"},"modified":"2026-04-30T13:17:15","modified_gmt":"2026-04-30T16:17:15","slug":"autos-los-patentamientos-de-abril-darian-para-abajo-y-las-marcas-chinas-ya-tallan-en-el-top-10","status":"publish","type":"post","link":"https:\/\/masquenoticiastucuman.com.ar\/?p=61697","title":{"rendered":"Autos: los patentamientos de abril dar\u00edan para abajo y las marcas chinas ya tallan en el &#8220;top 10&#8221;"},"content":{"rendered":"<p>Hasta el pen\u00faltimo d\u00eda del mes el ritmo de ventas de los cero kil\u00f3metro arrojaban una ca\u00edda de &#8220;doble d\u00edgito&#8221;. Caen las ventas de marcas tradicionales y suben las que llegan desde el Lejano Oriente. <\/p>\n<p>\u200bHasta el pen\u00faltimo d\u00eda del mes el ritmo de ventas de los cero kil\u00f3metro arrojaban una ca\u00edda de &#8220;doble d\u00edgito&#8221;. Caen las ventas de marcas tradicionales y suben las que llegan desde el Lejano Oriente.\u00a0<a href=\"https:\/\/www.clarin.com\/economia\/autos-patentamientos-abril-darian-abajo-marcas-chinas-tallan-top-10_0_j5sjbndfZL.html\" target=\"_blank\" class=\"feedzy-rss-link-icon\">Read More<\/a><\/p>","protected":false},"excerpt":{"rendered":"<p>Hasta el pen\u00faltimo d\u00eda del mes el ritmo de ventas de los cero kil\u00f3metro arrojaban&#8230;<\/p>\n","protected":false},"author":1,"featured_media":0,"comment_status":"open","ping_status":"open","sticky":false,"template":"","format":"standard","meta":{"footnotes":""},"categories":[3],"tags":[],"class_list":["post-61697","post","type-post","status-publish","format-standard","has-post-thumbnail","hentry","category-nacionales"],"_links":{"self":[{"href":"https:\/\/masquenoticiastucuman.com.ar\/index.php?rest_route=\/wp\/v2\/posts\/61697","targetHints":{"allow":["GET"]}}],"collection":[{"href":"https:\/\/masquenoticiastucuman.com.ar\/index.php?rest_route=\/wp\/v2\/posts"}],"about":[{"href":"https:\/\/masquenoticiastucuman.com.ar\/index.php?rest_route=\/wp\/v2\/types\/post"}],"author":[{"embeddable":true,"href":"https:\/\/masquenoticiastucuman.com.ar\/index.php?rest_route=\/wp\/v2\/users\/1"}],"replies":[{"embeddable":true,"href":"https:\/\/masquenoticiastucuman.com.ar\/index.php?rest_route=%2Fwp%2Fv2%2Fcomments&post=61697"}],"version-history":[{"count":0,"href":"https:\/\/masquenoticiastucuman.com.ar\/index.php?rest_route=\/wp\/v2\/posts\/61697\/revisions"}],"wp:attachment":[{"href":"https:\/\/masquenoticiastucuman.com.ar\/index.php?rest_route=%2Fwp%2Fv2%2Fmedia&parent=61697"}],"wp:term":[{"taxonomy":"category","embeddable":true,"href":"https:\/\/masquenoticiastucuman.com.ar\/index.php?rest_route=%2Fwp%2Fv2%2Fcategories&post=61697"},{"taxonomy":"post_tag","embeddable":true,"href":"https:\/\/masquenoticiastucuman.com.ar\/index.php?rest_route=%2Fwp%2Fv2%2Ftags&post=61697"}],"curies":[{"name":"wp","href":"https:\/\/api.w.org\/{rel}","templated":true}]}}