{"id":61700,"date":"2026-04-30T12:24:52","date_gmt":"2026-04-30T15:24:52","guid":{"rendered":"http:\/\/masquenoticiastucuman.com.ar\/?p=61700"},"modified":"2026-04-30T12:24:52","modified_gmt":"2026-04-30T15:24:52","slug":"melgarejo-el-dt-argentino-que-estallo-contra-los-periodistas-en-plena-conferencia-hacen-cada-pregunta-boluda-que-malos-que-son","status":"publish","type":"post","link":"https:\/\/masquenoticiastucuman.com.ar\/?p=61700","title":{"rendered":"Melgarejo, el DT argentino que estall\u00f3 contra los periodistas en plena conferencia: &#8220;Hacen cada pregunta boluda, \u00a1qu\u00e9 malos que son!&#8221;"},"content":{"rendered":"<ul>\n<li>Fue tras la victoria de su equipo, el Cienciano, ante Atl\u00e9tico Mineiro.<\/li>\n<li>El entrenador se quej\u00f3 porque recibi\u00f3 cr\u00edticas por no meter m\u00e1s goles.<\/li>\n<li>Su bronca con la prensa peruana opac\u00f3 el triunfo por Copa Sudamericana.<\/li>\n<\/ul>\n<p>\u200bFue tras la victoria de su equipo, el Cienciano, ante Atl\u00e9tico Mineiro.El entrenador se quej\u00f3 porque recibi\u00f3 cr\u00edticas por no meter m\u00e1s goles.Su bronca con la prensa peruana opac\u00f3 el triunfo por Copa Sudamericana.\u00a0<a href=\"https:\/\/www.clarin.com\/deportes\/melgarejo-dt-argentino-estallo-periodistas-plena-conferencia-hacen-pregunta-boluda-malos_0_HNvitoSQc2.html\" target=\"_blank\" class=\"feedzy-rss-link-icon\">Read More<\/a><\/p>","protected":false},"excerpt":{"rendered":"<p>Fue tras la victoria de su equipo, el Cienciano, ante Atl\u00e9tico Mineiro. El entrenador se&#8230;<\/p>\n","protected":false},"author":1,"featured_media":0,"comment_status":"open","ping_status":"open","sticky":false,"template":"","format":"standard","meta":{"footnotes":""},"categories":[6],"tags":[],"class_list":["post-61700","post","type-post","status-publish","format-standard","has-post-thumbnail","hentry","category-deportes"],"_links":{"self":[{"href":"https:\/\/masquenoticiastucuman.com.ar\/index.php?rest_route=\/wp\/v2\/posts\/61700","targetHints":{"allow":["GET"]}}],"collection":[{"href":"https:\/\/masquenoticiastucuman.com.ar\/index.php?rest_route=\/wp\/v2\/posts"}],"about":[{"href":"https:\/\/masquenoticiastucuman.com.ar\/index.php?rest_route=\/wp\/v2\/types\/post"}],"author":[{"embeddable":true,"href":"https:\/\/masquenoticiastucuman.com.ar\/index.php?rest_route=\/wp\/v2\/users\/1"}],"replies":[{"embeddable":true,"href":"https:\/\/masquenoticiastucuman.com.ar\/index.php?rest_route=%2Fwp%2Fv2%2Fcomments&post=61700"}],"version-history":[{"count":0,"href":"https:\/\/masquenoticiastucuman.com.ar\/index.php?rest_route=\/wp\/v2\/posts\/61700\/revisions"}],"wp:attachment":[{"href":"https:\/\/masquenoticiastucuman.com.ar\/index.php?rest_route=%2Fwp%2Fv2%2Fmedia&parent=61700"}],"wp:term":[{"taxonomy":"category","embeddable":true,"href":"https:\/\/masquenoticiastucuman.com.ar\/index.php?rest_route=%2Fwp%2Fv2%2Fcategories&post=61700"},{"taxonomy":"post_tag","embeddable":true,"href":"https:\/\/masquenoticiastucuman.com.ar\/index.php?rest_route=%2Fwp%2Fv2%2Ftags&post=61700"}],"curies":[{"name":"wp","href":"https:\/\/api.w.org\/{rel}","templated":true}]}}