{"id":61706,"date":"2026-04-30T14:17:46","date_gmt":"2026-04-30T17:17:46","guid":{"rendered":"http:\/\/masquenoticiastucuman.com.ar\/?p=61706"},"modified":"2026-04-30T14:17:46","modified_gmt":"2026-04-30T17:17:46","slug":"brian-sarmiento-salio-de-gran-hermano-enamorado-de-danelik-la-chica-trans-de-la-casa-la-extrano-y-quiero-estar-ahi-con-ella","status":"publish","type":"post","link":"https:\/\/masquenoticiastucuman.com.ar\/?p=61706","title":{"rendered":"Brian Sarmiento sali\u00f3 de Gran Hermano enamorado de Danelik, la chica trans de la casa: &#8220;La extra\u00f1o y quiero estar ah\u00ed con ella&#8221;"},"content":{"rendered":"<ul>\n<li>El ex futbolista y ex participante hizo un balance de su paso por el reality y, en charla con<strong> Clar\u00edn<\/strong>, reconoci\u00f3 errores en su estrategia de juego.<\/li>\n<li>Adem\u00e1s, habl\u00f3 de sus enfrentamientos m\u00e1s intensos y de su fogoso romance con la tucumana.<\/li>\n<\/ul>\n<p>\u200bEl ex futbolista y ex participante hizo un balance de su paso por el reality y, en charla con Clar\u00edn, reconoci\u00f3 errores en su estrategia de juego.Adem\u00e1s, habl\u00f3 de sus enfrentamientos m\u00e1s intensos y de su fogoso romance con la tucumana.\u00a0<a href=\"https:\/\/www.clarin.com\/espectaculos\/brian-sarmiento-salio-gran-hermano-enamorado-danelik-chica-trans-casa-extrano-quiero-ahi_0_N0w3HHkwm4.html\" target=\"_blank\" class=\"feedzy-rss-link-icon\">Read More<\/a><\/p>","protected":false},"excerpt":{"rendered":"<p>El ex futbolista y ex participante hizo un balance de su paso por el reality&#8230;<\/p>\n","protected":false},"author":1,"featured_media":0,"comment_status":"open","ping_status":"open","sticky":false,"template":"","format":"standard","meta":{"footnotes":""},"categories":[5],"tags":[],"class_list":["post-61706","post","type-post","status-publish","format-standard","has-post-thumbnail","hentry","category-espectaculo"],"_links":{"self":[{"href":"https:\/\/masquenoticiastucuman.com.ar\/index.php?rest_route=\/wp\/v2\/posts\/61706","targetHints":{"allow":["GET"]}}],"collection":[{"href":"https:\/\/masquenoticiastucuman.com.ar\/index.php?rest_route=\/wp\/v2\/posts"}],"about":[{"href":"https:\/\/masquenoticiastucuman.com.ar\/index.php?rest_route=\/wp\/v2\/types\/post"}],"author":[{"embeddable":true,"href":"https:\/\/masquenoticiastucuman.com.ar\/index.php?rest_route=\/wp\/v2\/users\/1"}],"replies":[{"embeddable":true,"href":"https:\/\/masquenoticiastucuman.com.ar\/index.php?rest_route=%2Fwp%2Fv2%2Fcomments&post=61706"}],"version-history":[{"count":0,"href":"https:\/\/masquenoticiastucuman.com.ar\/index.php?rest_route=\/wp\/v2\/posts\/61706\/revisions"}],"wp:attachment":[{"href":"https:\/\/masquenoticiastucuman.com.ar\/index.php?rest_route=%2Fwp%2Fv2%2Fmedia&parent=61706"}],"wp:term":[{"taxonomy":"category","embeddable":true,"href":"https:\/\/masquenoticiastucuman.com.ar\/index.php?rest_route=%2Fwp%2Fv2%2Fcategories&post=61706"},{"taxonomy":"post_tag","embeddable":true,"href":"https:\/\/masquenoticiastucuman.com.ar\/index.php?rest_route=%2Fwp%2Fv2%2Ftags&post=61706"}],"curies":[{"name":"wp","href":"https:\/\/api.w.org\/{rel}","templated":true}]}}