{"id":61707,"date":"2026-04-30T14:16:03","date_gmt":"2026-04-30T17:16:03","guid":{"rendered":"http:\/\/masquenoticiastucuman.com.ar\/?p=61707"},"modified":"2026-04-30T14:16:03","modified_gmt":"2026-04-30T17:16:03","slug":"jorge-valdano-apuesta-por-un-dt-argentino-para-el-real-madrid-pero-duda-de-scaloni-no-tiene-experiencia-en-clubes","status":"publish","type":"post","link":"https:\/\/masquenoticiastucuman.com.ar\/?p=61707","title":{"rendered":"Jorge Valdano apuesta por un DT argentino para el Real Madrid pero duda de Scaloni: &#8220;No tiene experiencia en clubes&#8221;"},"content":{"rendered":"<ul>\n<li>Referente del Merengue, habl\u00f3 de la actualidad del club.<\/li>\n<li>Tom\u00f3 postura por el futuro reemplazante de \u00c1lvaro Arbeloa.<\/li>\n<li>Descart\u00f3 la llegada de Mourinho y apuesta por Pochettino.<\/li>\n<\/ul>\n<p>\u200bReferente del Merengue, habl\u00f3 de la actualidad del club.Tom\u00f3 postura por el futuro reemplazante de \u00c1lvaro Arbeloa.Descart\u00f3 la llegada de Mourinho y apuesta por Pochettino.\u00a0<a href=\"https:\/\/www.clarin.com\/deportes\/jorge-valdano-apuesta-dt-argentino-real-madrid-duda-scaloni-experiencia-clubes_0_gnA4xZrTc5.html\" target=\"_blank\" class=\"feedzy-rss-link-icon\">Read More<\/a><\/p>","protected":false},"excerpt":{"rendered":"<p>Referente del Merengue, habl\u00f3 de la actualidad del club. Tom\u00f3 postura por el futuro reemplazante&#8230;<\/p>\n","protected":false},"author":1,"featured_media":0,"comment_status":"open","ping_status":"open","sticky":false,"template":"","format":"standard","meta":{"footnotes":""},"categories":[6],"tags":[],"class_list":["post-61707","post","type-post","status-publish","format-standard","has-post-thumbnail","hentry","category-deportes"],"_links":{"self":[{"href":"https:\/\/masquenoticiastucuman.com.ar\/index.php?rest_route=\/wp\/v2\/posts\/61707","targetHints":{"allow":["GET"]}}],"collection":[{"href":"https:\/\/masquenoticiastucuman.com.ar\/index.php?rest_route=\/wp\/v2\/posts"}],"about":[{"href":"https:\/\/masquenoticiastucuman.com.ar\/index.php?rest_route=\/wp\/v2\/types\/post"}],"author":[{"embeddable":true,"href":"https:\/\/masquenoticiastucuman.com.ar\/index.php?rest_route=\/wp\/v2\/users\/1"}],"replies":[{"embeddable":true,"href":"https:\/\/masquenoticiastucuman.com.ar\/index.php?rest_route=%2Fwp%2Fv2%2Fcomments&post=61707"}],"version-history":[{"count":0,"href":"https:\/\/masquenoticiastucuman.com.ar\/index.php?rest_route=\/wp\/v2\/posts\/61707\/revisions"}],"wp:attachment":[{"href":"https:\/\/masquenoticiastucuman.com.ar\/index.php?rest_route=%2Fwp%2Fv2%2Fmedia&parent=61707"}],"wp:term":[{"taxonomy":"category","embeddable":true,"href":"https:\/\/masquenoticiastucuman.com.ar\/index.php?rest_route=%2Fwp%2Fv2%2Fcategories&post=61707"},{"taxonomy":"post_tag","embeddable":true,"href":"https:\/\/masquenoticiastucuman.com.ar\/index.php?rest_route=%2Fwp%2Fv2%2Ftags&post=61707"}],"curies":[{"name":"wp","href":"https:\/\/api.w.org\/{rel}","templated":true}]}}