{"id":61712,"date":"2026-04-30T14:54:08","date_gmt":"2026-04-30T17:54:08","guid":{"rendered":"http:\/\/masquenoticiastucuman.com.ar\/?p=61712"},"modified":"2026-04-30T14:54:08","modified_gmt":"2026-04-30T17:54:08","slug":"premios-martin-fierro-2026-quienes-son-los-nominados-a-la-gran-gala-de-la-tv-argentina","status":"publish","type":"post","link":"https:\/\/masquenoticiastucuman.com.ar\/?p=61712","title":{"rendered":"Premios Mart\u00edn Fierro 2026: qui\u00e9nes son los nominados a la gran gala de la TV argentina"},"content":{"rendered":"<ul>\n<li>Luis Ventura, presidente de APTRA, revel\u00f3 los nombres de los candidatos a los Premios Mart\u00edn Fierro 2026: qui\u00e9nes compiten, en qu\u00e9 categor\u00edas y qu\u00e9 programas lideran las ternas.<\/li>\n<li>La gran gala de la TV argentina se realizar\u00e1 el 18 de mayo en el Hilton de Puerto Madero.<\/li>\n<\/ul>\n<p>\u200bLuis Ventura, presidente de APTRA, revel\u00f3 los nombres de los candidatos a los Premios Mart\u00edn Fierro 2026: qui\u00e9nes compiten, en qu\u00e9 categor\u00edas y qu\u00e9 programas lideran las ternas.La gran gala de la TV argentina se realizar\u00e1 el 18 de mayo en el Hilton de Puerto Madero.\u00a0<a href=\"https:\/\/www.clarin.com\/espectaculos\/premios-martin-fierro-2026-nominados-gran-gala-tv-argentina_0_UqR0NyJBaU.html\" target=\"_blank\" class=\"feedzy-rss-link-icon\">Read More<\/a><\/p>","protected":false},"excerpt":{"rendered":"<p>Luis Ventura, presidente de APTRA, revel\u00f3 los nombres de los candidatos a los Premios Mart\u00edn&#8230;<\/p>\n","protected":false},"author":1,"featured_media":0,"comment_status":"open","ping_status":"open","sticky":false,"template":"","format":"standard","meta":{"footnotes":""},"categories":[5],"tags":[],"class_list":["post-61712","post","type-post","status-publish","format-standard","has-post-thumbnail","hentry","category-espectaculo"],"_links":{"self":[{"href":"https:\/\/masquenoticiastucuman.com.ar\/index.php?rest_route=\/wp\/v2\/posts\/61712","targetHints":{"allow":["GET"]}}],"collection":[{"href":"https:\/\/masquenoticiastucuman.com.ar\/index.php?rest_route=\/wp\/v2\/posts"}],"about":[{"href":"https:\/\/masquenoticiastucuman.com.ar\/index.php?rest_route=\/wp\/v2\/types\/post"}],"author":[{"embeddable":true,"href":"https:\/\/masquenoticiastucuman.com.ar\/index.php?rest_route=\/wp\/v2\/users\/1"}],"replies":[{"embeddable":true,"href":"https:\/\/masquenoticiastucuman.com.ar\/index.php?rest_route=%2Fwp%2Fv2%2Fcomments&post=61712"}],"version-history":[{"count":0,"href":"https:\/\/masquenoticiastucuman.com.ar\/index.php?rest_route=\/wp\/v2\/posts\/61712\/revisions"}],"wp:attachment":[{"href":"https:\/\/masquenoticiastucuman.com.ar\/index.php?rest_route=%2Fwp%2Fv2%2Fmedia&parent=61712"}],"wp:term":[{"taxonomy":"category","embeddable":true,"href":"https:\/\/masquenoticiastucuman.com.ar\/index.php?rest_route=%2Fwp%2Fv2%2Fcategories&post=61712"},{"taxonomy":"post_tag","embeddable":true,"href":"https:\/\/masquenoticiastucuman.com.ar\/index.php?rest_route=%2Fwp%2Fv2%2Ftags&post=61712"}],"curies":[{"name":"wp","href":"https:\/\/api.w.org\/{rel}","templated":true}]}}