{"id":61713,"date":"2026-04-30T15:00:08","date_gmt":"2026-04-30T18:00:08","guid":{"rendered":"http:\/\/masquenoticiastucuman.com.ar\/?p=61713"},"modified":"2026-04-30T15:00:08","modified_gmt":"2026-04-30T18:00:08","slug":"f1-gp-de-miami-horarios-del-entrenamiento-y-clasificacion-como-y-donde-ver-la-formula-1","status":"publish","type":"post","link":"https:\/\/masquenoticiastucuman.com.ar\/?p=61713","title":{"rendered":"F1 GP de Miami: horarios del entrenamiento y clasificaci\u00f3n, c\u00f3mo y d\u00f3nde ver la F\u00f3rmula 1"},"content":{"rendered":"<ul>\n<li>La m\u00e1xima competici\u00f3n del automovilismo internacional retomar\u00e1 las actividades.<\/li>\n<li>Franco Colapinto buscar\u00e1 volver a meterse en zona de puntos con Alpine F1 Team.<\/li>\n<\/ul>\n<p>\u200bLa m\u00e1xima competici\u00f3n del automovilismo internacional retomar\u00e1 las actividades.Franco Colapinto buscar\u00e1 volver a meterse en zona de puntos con Alpine F1 Team.\u00a0<a href=\"https:\/\/www.clarin.com\/deportes\/f1-gp-miami-horarios-entrenamiento-clasificacion-ver-formula-1_0_Spn9boWjva.html\" target=\"_blank\" class=\"feedzy-rss-link-icon\">Read More<\/a><\/p>","protected":false},"excerpt":{"rendered":"<p>La m\u00e1xima competici\u00f3n del automovilismo internacional retomar\u00e1 las actividades. Franco Colapinto buscar\u00e1 volver a meterse&#8230;<\/p>\n","protected":false},"author":1,"featured_media":0,"comment_status":"open","ping_status":"open","sticky":false,"template":"","format":"standard","meta":{"footnotes":""},"categories":[6],"tags":[],"class_list":["post-61713","post","type-post","status-publish","format-standard","has-post-thumbnail","hentry","category-deportes"],"_links":{"self":[{"href":"https:\/\/masquenoticiastucuman.com.ar\/index.php?rest_route=\/wp\/v2\/posts\/61713","targetHints":{"allow":["GET"]}}],"collection":[{"href":"https:\/\/masquenoticiastucuman.com.ar\/index.php?rest_route=\/wp\/v2\/posts"}],"about":[{"href":"https:\/\/masquenoticiastucuman.com.ar\/index.php?rest_route=\/wp\/v2\/types\/post"}],"author":[{"embeddable":true,"href":"https:\/\/masquenoticiastucuman.com.ar\/index.php?rest_route=\/wp\/v2\/users\/1"}],"replies":[{"embeddable":true,"href":"https:\/\/masquenoticiastucuman.com.ar\/index.php?rest_route=%2Fwp%2Fv2%2Fcomments&post=61713"}],"version-history":[{"count":0,"href":"https:\/\/masquenoticiastucuman.com.ar\/index.php?rest_route=\/wp\/v2\/posts\/61713\/revisions"}],"wp:attachment":[{"href":"https:\/\/masquenoticiastucuman.com.ar\/index.php?rest_route=%2Fwp%2Fv2%2Fmedia&parent=61713"}],"wp:term":[{"taxonomy":"category","embeddable":true,"href":"https:\/\/masquenoticiastucuman.com.ar\/index.php?rest_route=%2Fwp%2Fv2%2Fcategories&post=61713"},{"taxonomy":"post_tag","embeddable":true,"href":"https:\/\/masquenoticiastucuman.com.ar\/index.php?rest_route=%2Fwp%2Fv2%2Ftags&post=61713"}],"curies":[{"name":"wp","href":"https:\/\/api.w.org\/{rel}","templated":true}]}}