{"id":61715,"date":"2026-04-30T14:56:35","date_gmt":"2026-04-30T17:56:35","guid":{"rendered":"http:\/\/masquenoticiastucuman.com.ar\/?p=61715"},"modified":"2026-04-30T14:56:35","modified_gmt":"2026-04-30T17:56:35","slug":"como-el-bloqueo-de-estados-unidos-asfixia-a-la-crucial-industria-petrolera-de-iran-2","status":"publish","type":"post","link":"https:\/\/masquenoticiastucuman.com.ar\/?p=61715","title":{"rendered":"C\u00f3mo el bloqueo de Estados Unidos asfixia a la crucial industria petrolera de Ir\u00e1n"},"content":{"rendered":"<ul>\n<li>Sin forma de exportar el petr\u00f3leo que extrae y con un espacio cada vez menor para almacenarlo dentro del pa\u00eds, Ir\u00e1n podr\u00eda verse obligado a reducir dr\u00e1sticamente o a cesar la producci\u00f3n en algunos de sus pozos, quiz\u00e1 en tan solo dos semanas, seg\u00fan los expertos.<\/li>\n<li>Con su comercio petrolero restringido, est\u00e1 viendo c\u00f3mo entran menos divisas fuertes a una econom\u00eda golpeada por semanas de guerra, meses de agitaci\u00f3n y d\u00e9cadas de sanciones internacionales.<\/li>\n<\/ul>\n<p>\u200bSin forma de exportar el petr\u00f3leo que extrae y con un espacio cada vez menor para almacenarlo dentro del pa\u00eds, Ir\u00e1n podr\u00eda verse obligado a reducir dr\u00e1sticamente o a cesar la producci\u00f3n en algunos de sus pozos, quiz\u00e1 en tan solo dos semanas, seg\u00fan los expertos.Con su comercio petrolero restringido, est\u00e1 viendo c\u00f3mo entran menos divisas fuertes a una econom\u00eda golpeada por semanas de guerra, meses de agitaci\u00f3n y d\u00e9cadas de sanciones internacionales.\u00a0<a href=\"https:\/\/www.clarin.com\/mundo\/bloqueo-estados-unidos-asfixia-crucial-industria-petrolera-iran_0_sgsVV9XOwY.html\" target=\"_blank\" class=\"feedzy-rss-link-icon\">Read More<\/a><\/p>","protected":false},"excerpt":{"rendered":"<p>Sin forma de exportar el petr\u00f3leo que extrae y con un espacio cada vez menor&#8230;<\/p>\n","protected":false},"author":1,"featured_media":61711,"comment_status":"open","ping_status":"open","sticky":false,"template":"","format":"standard","meta":{"footnotes":""},"categories":[4],"tags":[],"class_list":["post-61715","post","type-post","status-publish","format-standard","has-post-thumbnail","hentry","category-internacionales"],"_links":{"self":[{"href":"https:\/\/masquenoticiastucuman.com.ar\/index.php?rest_route=\/wp\/v2\/posts\/61715","targetHints":{"allow":["GET"]}}],"collection":[{"href":"https:\/\/masquenoticiastucuman.com.ar\/index.php?rest_route=\/wp\/v2\/posts"}],"about":[{"href":"https:\/\/masquenoticiastucuman.com.ar\/index.php?rest_route=\/wp\/v2\/types\/post"}],"author":[{"embeddable":true,"href":"https:\/\/masquenoticiastucuman.com.ar\/index.php?rest_route=\/wp\/v2\/users\/1"}],"replies":[{"embeddable":true,"href":"https:\/\/masquenoticiastucuman.com.ar\/index.php?rest_route=%2Fwp%2Fv2%2Fcomments&post=61715"}],"version-history":[{"count":0,"href":"https:\/\/masquenoticiastucuman.com.ar\/index.php?rest_route=\/wp\/v2\/posts\/61715\/revisions"}],"wp:featuredmedia":[{"embeddable":true,"href":"https:\/\/masquenoticiastucuman.com.ar\/index.php?rest_route=\/wp\/v2\/media\/61711"}],"wp:attachment":[{"href":"https:\/\/masquenoticiastucuman.com.ar\/index.php?rest_route=%2Fwp%2Fv2%2Fmedia&parent=61715"}],"wp:term":[{"taxonomy":"category","embeddable":true,"href":"https:\/\/masquenoticiastucuman.com.ar\/index.php?rest_route=%2Fwp%2Fv2%2Fcategories&post=61715"},{"taxonomy":"post_tag","embeddable":true,"href":"https:\/\/masquenoticiastucuman.com.ar\/index.php?rest_route=%2Fwp%2Fv2%2Ftags&post=61715"}],"curies":[{"name":"wp","href":"https:\/\/api.w.org\/{rel}","templated":true}]}}