{"id":61717,"date":"2026-04-30T15:54:45","date_gmt":"2026-04-30T18:54:45","guid":{"rendered":"http:\/\/masquenoticiastucuman.com.ar\/?p=61717"},"modified":"2026-04-30T15:54:45","modified_gmt":"2026-04-30T18:54:45","slug":"tras-dias-de-tension-los-socios-de-sancor-avalaron-la-quiebra","status":"publish","type":"post","link":"https:\/\/masquenoticiastucuman.com.ar\/?p=61717","title":{"rendered":"Tras d\u00edas de tensi\u00f3n, los socios de Sancor avalaron la quiebra"},"content":{"rendered":"<ul>\n<li>La asamblea realizada este jueves por la ma\u00f1ana aprob\u00f3 por mayor\u00eda el pedido impulsado por el consejo de administraci\u00f3n de la cooperativa. <\/li>\n<li>La definici\u00f3n lleg\u00f3 luego de una apelaci\u00f3n presentada por extrabajadores y productores que buscaba frenar el proceso.<\/li>\n<\/ul>\n<p>\u200bLa asamblea realizada este jueves por la ma\u00f1ana aprob\u00f3 por mayor\u00eda el pedido impulsado por el consejo de administraci\u00f3n de la cooperativa. La definici\u00f3n lleg\u00f3 luego de una apelaci\u00f3n presentada por extrabajadores y productores que buscaba frenar el proceso.\u00a0<a href=\"https:\/\/www.clarin.com\/rural\/dias-tension-socios-sancor-avalaron-quiebra_0_lmq0Uh6ZYK.html\" target=\"_blank\" class=\"feedzy-rss-link-icon\">Read More<\/a><\/p>","protected":false},"excerpt":{"rendered":"<p>La asamblea realizada este jueves por la ma\u00f1ana aprob\u00f3 por mayor\u00eda el pedido impulsado por&#8230;<\/p>\n","protected":false},"author":1,"featured_media":0,"comment_status":"open","ping_status":"open","sticky":false,"template":"","format":"standard","meta":{"footnotes":""},"categories":[3],"tags":[],"class_list":["post-61717","post","type-post","status-publish","format-standard","has-post-thumbnail","hentry","category-nacionales"],"_links":{"self":[{"href":"https:\/\/masquenoticiastucuman.com.ar\/index.php?rest_route=\/wp\/v2\/posts\/61717","targetHints":{"allow":["GET"]}}],"collection":[{"href":"https:\/\/masquenoticiastucuman.com.ar\/index.php?rest_route=\/wp\/v2\/posts"}],"about":[{"href":"https:\/\/masquenoticiastucuman.com.ar\/index.php?rest_route=\/wp\/v2\/types\/post"}],"author":[{"embeddable":true,"href":"https:\/\/masquenoticiastucuman.com.ar\/index.php?rest_route=\/wp\/v2\/users\/1"}],"replies":[{"embeddable":true,"href":"https:\/\/masquenoticiastucuman.com.ar\/index.php?rest_route=%2Fwp%2Fv2%2Fcomments&post=61717"}],"version-history":[{"count":0,"href":"https:\/\/masquenoticiastucuman.com.ar\/index.php?rest_route=\/wp\/v2\/posts\/61717\/revisions"}],"wp:attachment":[{"href":"https:\/\/masquenoticiastucuman.com.ar\/index.php?rest_route=%2Fwp%2Fv2%2Fmedia&parent=61717"}],"wp:term":[{"taxonomy":"category","embeddable":true,"href":"https:\/\/masquenoticiastucuman.com.ar\/index.php?rest_route=%2Fwp%2Fv2%2Fcategories&post=61717"},{"taxonomy":"post_tag","embeddable":true,"href":"https:\/\/masquenoticiastucuman.com.ar\/index.php?rest_route=%2Fwp%2Fv2%2Ftags&post=61717"}],"curies":[{"name":"wp","href":"https:\/\/api.w.org\/{rel}","templated":true}]}}