{"id":61718,"date":"2026-04-30T15:45:17","date_gmt":"2026-04-30T18:45:17","guid":{"rendered":"http:\/\/masquenoticiastucuman.com.ar\/?p=61718"},"modified":"2026-04-30T15:45:17","modified_gmt":"2026-04-30T18:45:17","slug":"otra-derrota-el-congreso-brasileno-revoco-el-veto-de-lula-da-silva-y-podra-reducir-la-pena-de-jair-bolsonaro-por-el-intento-de-golpe-de-estado","status":"publish","type":"post","link":"https:\/\/masquenoticiastucuman.com.ar\/?p=61718","title":{"rendered":"Otra derrota: el Congreso brasile\u00f1o revoc\u00f3 el veto de Lula da Silva y podr\u00e1 reducir la pena de Jair Bolsonaro por el intento de golpe de Estado"},"content":{"rendered":"<ul>\n<li>En la C\u00e1mara de Diputados, hubo 318 votos a favor de anular el veto y 144 en contra. <\/li>\n<li>En el Senado, hubo 49 votos a favor de anular el veto y 24 en contra.<\/li>\n<\/ul>\n<p>\u200bEn la C\u00e1mara de Diputados, hubo 318 votos a favor de anular el veto y 144 en contra. En el Senado, hubo 49 votos a favor de anular el veto y 24 en contra.\u00a0<a href=\"https:\/\/www.clarin.com\/mundo\/derrota-congreso-brasileno-revoco-veto-lula-da-silva-podra-reducir-pena-jair-bolsonaro-intento-golpe-estado_0_5wRVL02lDc.html\" target=\"_blank\" class=\"feedzy-rss-link-icon\">Read More<\/a><\/p>","protected":false},"excerpt":{"rendered":"<p>En la C\u00e1mara de Diputados, hubo 318 votos a favor de anular el veto y&#8230;<\/p>\n","protected":false},"author":1,"featured_media":61719,"comment_status":"open","ping_status":"open","sticky":false,"template":"","format":"standard","meta":{"footnotes":""},"categories":[4],"tags":[],"class_list":["post-61718","post","type-post","status-publish","format-standard","has-post-thumbnail","hentry","category-internacionales"],"_links":{"self":[{"href":"https:\/\/masquenoticiastucuman.com.ar\/index.php?rest_route=\/wp\/v2\/posts\/61718","targetHints":{"allow":["GET"]}}],"collection":[{"href":"https:\/\/masquenoticiastucuman.com.ar\/index.php?rest_route=\/wp\/v2\/posts"}],"about":[{"href":"https:\/\/masquenoticiastucuman.com.ar\/index.php?rest_route=\/wp\/v2\/types\/post"}],"author":[{"embeddable":true,"href":"https:\/\/masquenoticiastucuman.com.ar\/index.php?rest_route=\/wp\/v2\/users\/1"}],"replies":[{"embeddable":true,"href":"https:\/\/masquenoticiastucuman.com.ar\/index.php?rest_route=%2Fwp%2Fv2%2Fcomments&post=61718"}],"version-history":[{"count":0,"href":"https:\/\/masquenoticiastucuman.com.ar\/index.php?rest_route=\/wp\/v2\/posts\/61718\/revisions"}],"wp:featuredmedia":[{"embeddable":true,"href":"https:\/\/masquenoticiastucuman.com.ar\/index.php?rest_route=\/wp\/v2\/media\/61719"}],"wp:attachment":[{"href":"https:\/\/masquenoticiastucuman.com.ar\/index.php?rest_route=%2Fwp%2Fv2%2Fmedia&parent=61718"}],"wp:term":[{"taxonomy":"category","embeddable":true,"href":"https:\/\/masquenoticiastucuman.com.ar\/index.php?rest_route=%2Fwp%2Fv2%2Fcategories&post=61718"},{"taxonomy":"post_tag","embeddable":true,"href":"https:\/\/masquenoticiastucuman.com.ar\/index.php?rest_route=%2Fwp%2Fv2%2Ftags&post=61718"}],"curies":[{"name":"wp","href":"https:\/\/api.w.org\/{rel}","templated":true}]}}