{"id":61720,"date":"2026-04-30T15:52:07","date_gmt":"2026-04-30T18:52:07","guid":{"rendered":"http:\/\/masquenoticiastucuman.com.ar\/?p=61720"},"modified":"2026-04-30T15:52:07","modified_gmt":"2026-04-30T18:52:07","slug":"la-fuerte-definicion-de-la-fifa-sobre-la-participacion-de-iran-en-el-mundial-en-estados-unidos-y-la-posibilidad-de-que-italia-lo-reemplace","status":"publish","type":"post","link":"https:\/\/masquenoticiastucuman.com.ar\/?p=61720","title":{"rendered":"La fuerte definici\u00f3n de la FIFA sobre la participaci\u00f3n de Ir\u00e1n en el Mundial en Estados Unidos y la posibilidad de que Italia lo reemplace"},"content":{"rendered":"<ul>\n<li>Gianni Infantino dio su veredicto sobre la presencia del seleccionado asi\u00e1tico, en medio de las guerra en Medio Oriente y las tensiones con Trump.<\/li>\n<li>El plan B que se desinfla.<\/li>\n<\/ul>\n<p>\u200bGianni Infantino dio su veredicto sobre la presencia del seleccionado asi\u00e1tico, en medio de las guerra en Medio Oriente y las tensiones con Trump.El plan B que se desinfla.\u00a0<a href=\"https:\/\/www.clarin.com\/deportes\/fuerte-definicion-fifa-participacion-iran-mundial-estados-unidos-posibilidad-italia-reemplace_0_IwTeLq4Chy.html\" target=\"_blank\" class=\"feedzy-rss-link-icon\">Read More<\/a><\/p>","protected":false},"excerpt":{"rendered":"<p>Gianni Infantino dio su veredicto sobre la presencia del seleccionado asi\u00e1tico, en medio de las&#8230;<\/p>\n","protected":false},"author":1,"featured_media":0,"comment_status":"open","ping_status":"open","sticky":false,"template":"","format":"standard","meta":{"footnotes":""},"categories":[6],"tags":[],"class_list":["post-61720","post","type-post","status-publish","format-standard","has-post-thumbnail","hentry","category-deportes"],"_links":{"self":[{"href":"https:\/\/masquenoticiastucuman.com.ar\/index.php?rest_route=\/wp\/v2\/posts\/61720","targetHints":{"allow":["GET"]}}],"collection":[{"href":"https:\/\/masquenoticiastucuman.com.ar\/index.php?rest_route=\/wp\/v2\/posts"}],"about":[{"href":"https:\/\/masquenoticiastucuman.com.ar\/index.php?rest_route=\/wp\/v2\/types\/post"}],"author":[{"embeddable":true,"href":"https:\/\/masquenoticiastucuman.com.ar\/index.php?rest_route=\/wp\/v2\/users\/1"}],"replies":[{"embeddable":true,"href":"https:\/\/masquenoticiastucuman.com.ar\/index.php?rest_route=%2Fwp%2Fv2%2Fcomments&post=61720"}],"version-history":[{"count":0,"href":"https:\/\/masquenoticiastucuman.com.ar\/index.php?rest_route=\/wp\/v2\/posts\/61720\/revisions"}],"wp:attachment":[{"href":"https:\/\/masquenoticiastucuman.com.ar\/index.php?rest_route=%2Fwp%2Fv2%2Fmedia&parent=61720"}],"wp:term":[{"taxonomy":"category","embeddable":true,"href":"https:\/\/masquenoticiastucuman.com.ar\/index.php?rest_route=%2Fwp%2Fv2%2Fcategories&post=61720"},{"taxonomy":"post_tag","embeddable":true,"href":"https:\/\/masquenoticiastucuman.com.ar\/index.php?rest_route=%2Fwp%2Fv2%2Ftags&post=61720"}],"curies":[{"name":"wp","href":"https:\/\/api.w.org\/{rel}","templated":true}]}}