{"id":61721,"date":"2026-04-30T18:41:06","date_gmt":"2026-04-30T21:41:06","guid":{"rendered":"http:\/\/masquenoticiastucuman.com.ar\/?p=61721"},"modified":"2026-04-30T18:41:06","modified_gmt":"2026-04-30T21:41:06","slug":"las-empleadas-domesticas-recibiran-cuatro-aumentos-consecutivos-entre-abril-y-julio","status":"publish","type":"post","link":"https:\/\/masquenoticiastucuman.com.ar\/?p=61721","title":{"rendered":"Las empleadas dom\u00e9sticas recibir\u00e1n cuatro aumentos consecutivos entre abril y julio"},"content":{"rendered":"<ul>\n<li>As\u00ed qued\u00f3 establecido luego de un encuentro entre las partes.<\/li>\n<li>Se dispuso adem\u00e1s la incorporaci\u00f3n a los salarios b\u00e1sicos del 50% de la suma no remunerativa de marzo en abril y el 50% restante en julio.<\/li>\n<\/ul>\n<p>\u200bAs\u00ed qued\u00f3 establecido luego de un encuentro entre las partes.Se dispuso adem\u00e1s la incorporaci\u00f3n a los salarios b\u00e1sicos del 50% de la suma no remunerativa de marzo en abril y el 50% restante en julio.\u00a0<a href=\"https:\/\/www.clarin.com\/economia\/trabajadoras-casas-particulares-recibiran-aumentos-consecutivos-abril-julio_0_ncYcuISmOo.html\" target=\"_blank\" class=\"feedzy-rss-link-icon\">Read More<\/a><\/p>","protected":false},"excerpt":{"rendered":"<p>As\u00ed qued\u00f3 establecido luego de un encuentro entre las partes. Se dispuso adem\u00e1s la incorporaci\u00f3n&#8230;<\/p>\n","protected":false},"author":1,"featured_media":0,"comment_status":"open","ping_status":"open","sticky":false,"template":"","format":"standard","meta":{"footnotes":""},"categories":[3],"tags":[],"class_list":["post-61721","post","type-post","status-publish","format-standard","has-post-thumbnail","hentry","category-nacionales"],"_links":{"self":[{"href":"https:\/\/masquenoticiastucuman.com.ar\/index.php?rest_route=\/wp\/v2\/posts\/61721","targetHints":{"allow":["GET"]}}],"collection":[{"href":"https:\/\/masquenoticiastucuman.com.ar\/index.php?rest_route=\/wp\/v2\/posts"}],"about":[{"href":"https:\/\/masquenoticiastucuman.com.ar\/index.php?rest_route=\/wp\/v2\/types\/post"}],"author":[{"embeddable":true,"href":"https:\/\/masquenoticiastucuman.com.ar\/index.php?rest_route=\/wp\/v2\/users\/1"}],"replies":[{"embeddable":true,"href":"https:\/\/masquenoticiastucuman.com.ar\/index.php?rest_route=%2Fwp%2Fv2%2Fcomments&post=61721"}],"version-history":[{"count":0,"href":"https:\/\/masquenoticiastucuman.com.ar\/index.php?rest_route=\/wp\/v2\/posts\/61721\/revisions"}],"wp:attachment":[{"href":"https:\/\/masquenoticiastucuman.com.ar\/index.php?rest_route=%2Fwp%2Fv2%2Fmedia&parent=61721"}],"wp:term":[{"taxonomy":"category","embeddable":true,"href":"https:\/\/masquenoticiastucuman.com.ar\/index.php?rest_route=%2Fwp%2Fv2%2Fcategories&post=61721"},{"taxonomy":"post_tag","embeddable":true,"href":"https:\/\/masquenoticiastucuman.com.ar\/index.php?rest_route=%2Fwp%2Fv2%2Ftags&post=61721"}],"curies":[{"name":"wp","href":"https:\/\/api.w.org\/{rel}","templated":true}]}}