{"id":61722,"date":"2026-04-30T18:28:16","date_gmt":"2026-04-30T21:28:16","guid":{"rendered":"http:\/\/masquenoticiastucuman.com.ar\/?p=61722"},"modified":"2026-04-30T18:28:16","modified_gmt":"2026-04-30T21:28:16","slug":"el-servicio-logistico-sera-clave-en-la-decision-del-consumidor-afirmo-hernan-sanchez-presidente-de-cedol","status":"publish","type":"post","link":"https:\/\/masquenoticiastucuman.com.ar\/?p=61722","title":{"rendered":"\u201cEl servicio log\u00edstico ser\u00e1 clave en la decisi\u00f3n del consumidor\u201d, afirm\u00f3 Hern\u00e1n S\u00e1nchez, presidente de CEDOL"},"content":{"rendered":"<ul>\n<li>El directivo encabez\u00f3 el 16\u00b0 encuentro de la c\u00e1mara, ya un cl\u00e1sico del sector.<\/li>\n<li>&#8220;Construimos un sector s\u00f3lido y con representatividad&#8221;, sostuvo.<\/li>\n<\/ul>\n<p>\u200bEl directivo encabez\u00f3 el 16\u00b0 encuentro de la c\u00e1mara, ya un cl\u00e1sico del sector.&#8221;Construimos un sector s\u00f3lido y con representatividad&#8221;, sostuvo.\u00a0<a href=\"https:\/\/www.clarin.com\/economia\/servicio-logistico-clave-decision-consumidor-afirmo-hernan-sanchez-presidente-cedol_0_RnHZk1q566.html\" target=\"_blank\" class=\"feedzy-rss-link-icon\">Read More<\/a><\/p>","protected":false},"excerpt":{"rendered":"<p>El directivo encabez\u00f3 el 16\u00b0 encuentro de la c\u00e1mara, ya un cl\u00e1sico del sector. &#8220;Construimos&#8230;<\/p>\n","protected":false},"author":1,"featured_media":0,"comment_status":"open","ping_status":"open","sticky":false,"template":"","format":"standard","meta":{"footnotes":""},"categories":[3],"tags":[],"class_list":["post-61722","post","type-post","status-publish","format-standard","has-post-thumbnail","hentry","category-nacionales"],"_links":{"self":[{"href":"https:\/\/masquenoticiastucuman.com.ar\/index.php?rest_route=\/wp\/v2\/posts\/61722","targetHints":{"allow":["GET"]}}],"collection":[{"href":"https:\/\/masquenoticiastucuman.com.ar\/index.php?rest_route=\/wp\/v2\/posts"}],"about":[{"href":"https:\/\/masquenoticiastucuman.com.ar\/index.php?rest_route=\/wp\/v2\/types\/post"}],"author":[{"embeddable":true,"href":"https:\/\/masquenoticiastucuman.com.ar\/index.php?rest_route=\/wp\/v2\/users\/1"}],"replies":[{"embeddable":true,"href":"https:\/\/masquenoticiastucuman.com.ar\/index.php?rest_route=%2Fwp%2Fv2%2Fcomments&post=61722"}],"version-history":[{"count":0,"href":"https:\/\/masquenoticiastucuman.com.ar\/index.php?rest_route=\/wp\/v2\/posts\/61722\/revisions"}],"wp:attachment":[{"href":"https:\/\/masquenoticiastucuman.com.ar\/index.php?rest_route=%2Fwp%2Fv2%2Fmedia&parent=61722"}],"wp:term":[{"taxonomy":"category","embeddable":true,"href":"https:\/\/masquenoticiastucuman.com.ar\/index.php?rest_route=%2Fwp%2Fv2%2Fcategories&post=61722"},{"taxonomy":"post_tag","embeddable":true,"href":"https:\/\/masquenoticiastucuman.com.ar\/index.php?rest_route=%2Fwp%2Fv2%2Ftags&post=61722"}],"curies":[{"name":"wp","href":"https:\/\/api.w.org\/{rel}","templated":true}]}}