{"id":61723,"date":"2026-04-30T17:40:11","date_gmt":"2026-04-30T20:40:11","guid":{"rendered":"http:\/\/masquenoticiastucuman.com.ar\/?p=61723"},"modified":"2026-04-30T17:40:11","modified_gmt":"2026-04-30T20:40:11","slug":"el-candidato-del-gobierno-de-petro-encabeza-una-nueva-encuesta-a-un-mes-de-las-elecciones-presidenciales-en-colombia","status":"publish","type":"post","link":"https:\/\/masquenoticiastucuman.com.ar\/?p=61723","title":{"rendered":"El candidato del gobierno de Petro encabeza una nueva encuesta a un mes de las elecciones presidenciales en Colombia"},"content":{"rendered":"<ul>\n<li>Un sondeo de la firma Guarumo indica que Iv\u00e1n Cepeda cuenta con el 38% de la intenci\u00f3n de voto, por delante del abogado de derecha Abelardo de la Espriella (23,9%) y la senadora opositora, tambi\u00e9n de derecha, Paloma Valencia (22,8%).<\/li>\n<li>El fil\u00f3sofo y defensor de derechos humanos de 63 a\u00f1os tambi\u00e9n aparece como favorito en otras encuestas publicadas en las \u00faltimas semanas, pero todo indica que habr\u00e1 balotaje.<\/li>\n<\/ul>\n<p>\u200bUn sondeo de la firma Guarumo indica que Iv\u00e1n Cepeda cuenta con el 38% de la intenci\u00f3n de voto, por delante del abogado de derecha Abelardo de la Espriella (23,9%) y la senadora opositora, tambi\u00e9n de derecha, Paloma Valencia (22,8%).El fil\u00f3sofo y defensor de derechos humanos de 63 a\u00f1os tambi\u00e9n aparece como favorito en otras encuestas publicadas en las \u00faltimas semanas, pero todo indica que habr\u00e1 balotaje.\u00a0<a href=\"https:\/\/www.clarin.com\/mundo\/candidato-gobierno-petro-encabeza-nueva-encuesta-mes-elecciones-presidenciales-colombia_0_v2yfdXDhGl.html\" target=\"_blank\" class=\"feedzy-rss-link-icon\">Read More<\/a><\/p>","protected":false},"excerpt":{"rendered":"<p>Un sondeo de la firma Guarumo indica que Iv\u00e1n Cepeda cuenta con el 38% de&#8230;<\/p>\n","protected":false},"author":1,"featured_media":61724,"comment_status":"open","ping_status":"open","sticky":false,"template":"","format":"standard","meta":{"footnotes":""},"categories":[4],"tags":[],"class_list":["post-61723","post","type-post","status-publish","format-standard","has-post-thumbnail","hentry","category-internacionales"],"_links":{"self":[{"href":"https:\/\/masquenoticiastucuman.com.ar\/index.php?rest_route=\/wp\/v2\/posts\/61723","targetHints":{"allow":["GET"]}}],"collection":[{"href":"https:\/\/masquenoticiastucuman.com.ar\/index.php?rest_route=\/wp\/v2\/posts"}],"about":[{"href":"https:\/\/masquenoticiastucuman.com.ar\/index.php?rest_route=\/wp\/v2\/types\/post"}],"author":[{"embeddable":true,"href":"https:\/\/masquenoticiastucuman.com.ar\/index.php?rest_route=\/wp\/v2\/users\/1"}],"replies":[{"embeddable":true,"href":"https:\/\/masquenoticiastucuman.com.ar\/index.php?rest_route=%2Fwp%2Fv2%2Fcomments&post=61723"}],"version-history":[{"count":0,"href":"https:\/\/masquenoticiastucuman.com.ar\/index.php?rest_route=\/wp\/v2\/posts\/61723\/revisions"}],"wp:featuredmedia":[{"embeddable":true,"href":"https:\/\/masquenoticiastucuman.com.ar\/index.php?rest_route=\/wp\/v2\/media\/61724"}],"wp:attachment":[{"href":"https:\/\/masquenoticiastucuman.com.ar\/index.php?rest_route=%2Fwp%2Fv2%2Fmedia&parent=61723"}],"wp:term":[{"taxonomy":"category","embeddable":true,"href":"https:\/\/masquenoticiastucuman.com.ar\/index.php?rest_route=%2Fwp%2Fv2%2Fcategories&post=61723"},{"taxonomy":"post_tag","embeddable":true,"href":"https:\/\/masquenoticiastucuman.com.ar\/index.php?rest_route=%2Fwp%2Fv2%2Ftags&post=61723"}],"curies":[{"name":"wp","href":"https:\/\/api.w.org\/{rel}","templated":true}]}}