{"id":61727,"date":"2026-04-30T18:46:05","date_gmt":"2026-04-30T21:46:05","guid":{"rendered":"http:\/\/masquenoticiastucuman.com.ar\/?p=61727"},"modified":"2026-04-30T18:46:05","modified_gmt":"2026-04-30T21:46:05","slug":"la-uefa-define-el-mapa-global-de-tv-hasta-2031-que-pasara-con-la-champions-league-en-sudamerica","status":"publish","type":"post","link":"https:\/\/masquenoticiastucuman.com.ar\/?p=61727","title":{"rendered":"La UEFA define el mapa global de TV hasta 2031: qu\u00e9 pasar\u00e1 con la Champions League en Sudam\u00e9rica"},"content":{"rendered":"<ul>\n<li>La UEFA confirm\u00f3 a los adjudicatarios de derechos audiovisuales para sus torneos de clubes en 19 territorios.<\/li>\n<li>En Sudam\u00e9rica, la Champions League se repartir\u00e1 entre Paramount+ y ESPN\/Disney+, que tambi\u00e9n retienen la Europa y la Conference League.<\/li>\n<li>El nuevo ciclo 2027-2031 refleja el avance del streaming sin desplazar a la TV tradicional y obliga a los hinchas a combinar plataformas para ver todos los partidos.<\/li>\n<\/ul>\n<p>\u200bLa UEFA confirm\u00f3 a los adjudicatarios de derechos audiovisuales para sus torneos de clubes en 19 territorios.En Sudam\u00e9rica, la Champions League se repartir\u00e1 entre Paramount+ y ESPN\/Disney+, que tambi\u00e9n retienen la Europa y la Conference League.El nuevo ciclo 2027-2031 refleja el avance del streaming sin desplazar a la TV tradicional y obliga a los hinchas a combinar plataformas para ver todos los partidos.\u00a0<a href=\"https:\/\/www.clarin.com\/deportes\/uefa-define-mapa-global-tv-2031-pasara-champions-league-sudamerica_0_azOkYQ5YGY.html\" target=\"_blank\" class=\"feedzy-rss-link-icon\">Read More<\/a><\/p>","protected":false},"excerpt":{"rendered":"<p>La UEFA confirm\u00f3 a los adjudicatarios de derechos audiovisuales para sus torneos de clubes en&#8230;<\/p>\n","protected":false},"author":1,"featured_media":0,"comment_status":"open","ping_status":"open","sticky":false,"template":"","format":"standard","meta":{"footnotes":""},"categories":[6],"tags":[],"class_list":["post-61727","post","type-post","status-publish","format-standard","has-post-thumbnail","hentry","category-deportes"],"_links":{"self":[{"href":"https:\/\/masquenoticiastucuman.com.ar\/index.php?rest_route=\/wp\/v2\/posts\/61727","targetHints":{"allow":["GET"]}}],"collection":[{"href":"https:\/\/masquenoticiastucuman.com.ar\/index.php?rest_route=\/wp\/v2\/posts"}],"about":[{"href":"https:\/\/masquenoticiastucuman.com.ar\/index.php?rest_route=\/wp\/v2\/types\/post"}],"author":[{"embeddable":true,"href":"https:\/\/masquenoticiastucuman.com.ar\/index.php?rest_route=\/wp\/v2\/users\/1"}],"replies":[{"embeddable":true,"href":"https:\/\/masquenoticiastucuman.com.ar\/index.php?rest_route=%2Fwp%2Fv2%2Fcomments&post=61727"}],"version-history":[{"count":0,"href":"https:\/\/masquenoticiastucuman.com.ar\/index.php?rest_route=\/wp\/v2\/posts\/61727\/revisions"}],"wp:attachment":[{"href":"https:\/\/masquenoticiastucuman.com.ar\/index.php?rest_route=%2Fwp%2Fv2%2Fmedia&parent=61727"}],"wp:term":[{"taxonomy":"category","embeddable":true,"href":"https:\/\/masquenoticiastucuman.com.ar\/index.php?rest_route=%2Fwp%2Fv2%2Fcategories&post=61727"},{"taxonomy":"post_tag","embeddable":true,"href":"https:\/\/masquenoticiastucuman.com.ar\/index.php?rest_route=%2Fwp%2Fv2%2Ftags&post=61727"}],"curies":[{"name":"wp","href":"https:\/\/api.w.org\/{rel}","templated":true}]}}