{"id":61733,"date":"2026-04-30T20:16:09","date_gmt":"2026-04-30T23:16:09","guid":{"rendered":"http:\/\/masquenoticiastucuman.com.ar\/?p=61733"},"modified":"2026-04-30T20:16:09","modified_gmt":"2026-04-30T23:16:09","slug":"velez-vs-gimnasia-y-tiro-por-la-copa-argentina-2026-en-vivo-horario-resultado-y-donde-ver","status":"publish","type":"post","link":"https:\/\/masquenoticiastucuman.com.ar\/?p=61733","title":{"rendered":"V\u00e9lez vs Gimnasia y Tiro, por la Copa Argentina 2026, EN VIVO: horario, resultado y d\u00f3nde ver"},"content":{"rendered":"<ul>\n<li>El Fort\u00edn ya clasific\u00f3 a los octavos del Apertura y va por el doblete.<\/li>\n<li>Enfrenta a los salte\u00f1os, que dieron una de las sorpresas del torneo.<\/li>\n<li>El minuto a minuto y todas las jugadas del partido.<\/li>\n<\/ul>\n<p>\u200bEl Fort\u00edn ya clasific\u00f3 a los octavos del Apertura y va por el doblete.Enfrenta a los salte\u00f1os, que dieron una de las sorpresas del torneo.El minuto a minuto y todas las jugadas del partido.\u00a0<a href=\"https:\/\/www.clarin.com\/deportes\/velez-vs-gimnasia-tiro-copa-argentina-2026-vivo-horario-resultado-ver_0_NgIB9RWNFf.html\" target=\"_blank\" class=\"feedzy-rss-link-icon\">Read More<\/a><\/p>","protected":false},"excerpt":{"rendered":"<p>El Fort\u00edn ya clasific\u00f3 a los octavos del Apertura y va por el doblete. Enfrenta&#8230;<\/p>\n","protected":false},"author":1,"featured_media":0,"comment_status":"open","ping_status":"open","sticky":false,"template":"","format":"standard","meta":{"footnotes":""},"categories":[6],"tags":[],"class_list":["post-61733","post","type-post","status-publish","format-standard","has-post-thumbnail","hentry","category-deportes"],"_links":{"self":[{"href":"https:\/\/masquenoticiastucuman.com.ar\/index.php?rest_route=\/wp\/v2\/posts\/61733","targetHints":{"allow":["GET"]}}],"collection":[{"href":"https:\/\/masquenoticiastucuman.com.ar\/index.php?rest_route=\/wp\/v2\/posts"}],"about":[{"href":"https:\/\/masquenoticiastucuman.com.ar\/index.php?rest_route=\/wp\/v2\/types\/post"}],"author":[{"embeddable":true,"href":"https:\/\/masquenoticiastucuman.com.ar\/index.php?rest_route=\/wp\/v2\/users\/1"}],"replies":[{"embeddable":true,"href":"https:\/\/masquenoticiastucuman.com.ar\/index.php?rest_route=%2Fwp%2Fv2%2Fcomments&post=61733"}],"version-history":[{"count":0,"href":"https:\/\/masquenoticiastucuman.com.ar\/index.php?rest_route=\/wp\/v2\/posts\/61733\/revisions"}],"wp:attachment":[{"href":"https:\/\/masquenoticiastucuman.com.ar\/index.php?rest_route=%2Fwp%2Fv2%2Fmedia&parent=61733"}],"wp:term":[{"taxonomy":"category","embeddable":true,"href":"https:\/\/masquenoticiastucuman.com.ar\/index.php?rest_route=%2Fwp%2Fv2%2Fcategories&post=61733"},{"taxonomy":"post_tag","embeddable":true,"href":"https:\/\/masquenoticiastucuman.com.ar\/index.php?rest_route=%2Fwp%2Fv2%2Ftags&post=61733"}],"curies":[{"name":"wp","href":"https:\/\/api.w.org\/{rel}","templated":true}]}}