{"id":61734,"date":"2026-05-01T01:19:20","date_gmt":"2026-05-01T04:19:20","guid":{"rendered":"http:\/\/masquenoticiastucuman.com.ar\/?p=61734"},"modified":"2026-05-01T01:19:20","modified_gmt":"2026-05-01T04:19:20","slug":"el-robo-a-un-banco-de-kentucky-se-convirtio-en-un-tiroteo-mortal-un-hombre-encapuchado-mato-a-dos-de-los-empleados","status":"publish","type":"post","link":"https:\/\/masquenoticiastucuman.com.ar\/?p=61734","title":{"rendered":"El robo a un banco de Kentucky se convirti\u00f3 en un tiroteo mortal: un hombre encapuchado mat\u00f3 a dos de los empleados"},"content":{"rendered":"<ul>\n<li>El delincuente de campera gris, entr\u00f3 al lugar con la cara cubierta y es intensamente buscado por la polic\u00eda local.<\/li>\n<li>Por el momento se sabe de los asesinatos, pero se desconoce si alcanz\u00f3 a llevarse algo de la sucursal.<\/li>\n<\/ul>\n<p>\u200bEl delincuente de campera gris, entr\u00f3 al lugar con la cara cubierta y es intensamente buscado por la polic\u00eda local.Por el momento se sabe de los asesinatos, pero se desconoce si alcanz\u00f3 a llevarse algo de la sucursal.\u00a0<a href=\"https:\/\/www.clarin.com\/mundo\/robo-banco-kentucky-convirtio-tiroteo-mortal-hombre-encapuchado-mato-empleados_0_WwMHijco33.html\" target=\"_blank\" class=\"feedzy-rss-link-icon\">Read More<\/a><\/p>","protected":false},"excerpt":{"rendered":"<p>El delincuente de campera gris, entr\u00f3 al lugar con la cara cubierta y es intensamente&#8230;<\/p>\n","protected":false},"author":1,"featured_media":61735,"comment_status":"open","ping_status":"open","sticky":false,"template":"","format":"standard","meta":{"footnotes":""},"categories":[4],"tags":[],"class_list":["post-61734","post","type-post","status-publish","format-standard","has-post-thumbnail","hentry","category-internacionales"],"_links":{"self":[{"href":"https:\/\/masquenoticiastucuman.com.ar\/index.php?rest_route=\/wp\/v2\/posts\/61734","targetHints":{"allow":["GET"]}}],"collection":[{"href":"https:\/\/masquenoticiastucuman.com.ar\/index.php?rest_route=\/wp\/v2\/posts"}],"about":[{"href":"https:\/\/masquenoticiastucuman.com.ar\/index.php?rest_route=\/wp\/v2\/types\/post"}],"author":[{"embeddable":true,"href":"https:\/\/masquenoticiastucuman.com.ar\/index.php?rest_route=\/wp\/v2\/users\/1"}],"replies":[{"embeddable":true,"href":"https:\/\/masquenoticiastucuman.com.ar\/index.php?rest_route=%2Fwp%2Fv2%2Fcomments&post=61734"}],"version-history":[{"count":0,"href":"https:\/\/masquenoticiastucuman.com.ar\/index.php?rest_route=\/wp\/v2\/posts\/61734\/revisions"}],"wp:featuredmedia":[{"embeddable":true,"href":"https:\/\/masquenoticiastucuman.com.ar\/index.php?rest_route=\/wp\/v2\/media\/61735"}],"wp:attachment":[{"href":"https:\/\/masquenoticiastucuman.com.ar\/index.php?rest_route=%2Fwp%2Fv2%2Fmedia&parent=61734"}],"wp:term":[{"taxonomy":"category","embeddable":true,"href":"https:\/\/masquenoticiastucuman.com.ar\/index.php?rest_route=%2Fwp%2Fv2%2Fcategories&post=61734"},{"taxonomy":"post_tag","embeddable":true,"href":"https:\/\/masquenoticiastucuman.com.ar\/index.php?rest_route=%2Fwp%2Fv2%2Ftags&post=61734"}],"curies":[{"name":"wp","href":"https:\/\/api.w.org\/{rel}","templated":true}]}}