{"id":61743,"date":"2026-05-01T06:00:24","date_gmt":"2026-05-01T09:00:24","guid":{"rendered":"http:\/\/masquenoticiastucuman.com.ar\/?p=61743"},"modified":"2026-05-01T06:00:24","modified_gmt":"2026-05-01T09:00:24","slug":"viajes-de-argentinos-a-brasil-cuales-son-los-destinos-mas-elegidos-y-por-que-hay-mas-vuelos","status":"publish","type":"post","link":"https:\/\/masquenoticiastucuman.com.ar\/?p=61743","title":{"rendered":"Viajes de argentinos a Brasil: cu\u00e1les son los destinos m\u00e1s elegidos y por qu\u00e9 hay m\u00e1s vuelos"},"content":{"rendered":"<ul>\n<li>Casi 223.000 argentinos viajaron al pa\u00eds vecino en marzo, lo que representa casi 25% m\u00e1s que el a\u00f1o pasado.<\/li>\n<li>Nuevos vuelos y rutas a\u00e9reas entre ambos pa\u00edses, un factor clave.<\/li>\n<\/ul>\n<p>\u200bCasi 223.000 argentinos viajaron al pa\u00eds vecino en marzo, lo que representa casi 25% m\u00e1s que el a\u00f1o pasado.Nuevos vuelos y rutas a\u00e9reas entre ambos pa\u00edses, un factor clave.\u00a0<a href=\"https:\/\/www.clarin.com\/viajes\/viajes-argentinos-brasil-destinos-elegidos-vuelos_0_aXZj4o2QhQ.html\" target=\"_blank\" class=\"feedzy-rss-link-icon\">Read More<\/a><\/p>","protected":false},"excerpt":{"rendered":"<p>Casi 223.000 argentinos viajaron al pa\u00eds vecino en marzo, lo que representa casi 25% m\u00e1s&#8230;<\/p>\n","protected":false},"author":1,"featured_media":0,"comment_status":"open","ping_status":"open","sticky":false,"template":"","format":"standard","meta":{"footnotes":""},"categories":[7],"tags":[],"class_list":["post-61743","post","type-post","status-publish","format-standard","has-post-thumbnail","hentry","category-turismo"],"_links":{"self":[{"href":"https:\/\/masquenoticiastucuman.com.ar\/index.php?rest_route=\/wp\/v2\/posts\/61743","targetHints":{"allow":["GET"]}}],"collection":[{"href":"https:\/\/masquenoticiastucuman.com.ar\/index.php?rest_route=\/wp\/v2\/posts"}],"about":[{"href":"https:\/\/masquenoticiastucuman.com.ar\/index.php?rest_route=\/wp\/v2\/types\/post"}],"author":[{"embeddable":true,"href":"https:\/\/masquenoticiastucuman.com.ar\/index.php?rest_route=\/wp\/v2\/users\/1"}],"replies":[{"embeddable":true,"href":"https:\/\/masquenoticiastucuman.com.ar\/index.php?rest_route=%2Fwp%2Fv2%2Fcomments&post=61743"}],"version-history":[{"count":0,"href":"https:\/\/masquenoticiastucuman.com.ar\/index.php?rest_route=\/wp\/v2\/posts\/61743\/revisions"}],"wp:attachment":[{"href":"https:\/\/masquenoticiastucuman.com.ar\/index.php?rest_route=%2Fwp%2Fv2%2Fmedia&parent=61743"}],"wp:term":[{"taxonomy":"category","embeddable":true,"href":"https:\/\/masquenoticiastucuman.com.ar\/index.php?rest_route=%2Fwp%2Fv2%2Fcategories&post=61743"},{"taxonomy":"post_tag","embeddable":true,"href":"https:\/\/masquenoticiastucuman.com.ar\/index.php?rest_route=%2Fwp%2Fv2%2Ftags&post=61743"}],"curies":[{"name":"wp","href":"https:\/\/api.w.org\/{rel}","templated":true}]}}