{"id":61745,"date":"2026-05-01T06:00:24","date_gmt":"2026-05-01T09:00:24","guid":{"rendered":"http:\/\/masquenoticiastucuman.com.ar\/?p=61745"},"modified":"2026-05-01T06:00:24","modified_gmt":"2026-05-01T09:00:24","slug":"de-goleador-a-entrenador-la-nueva-vida-del-tanque-santiago-silva-no-me-retire-soy-un-futbolista-eterno","status":"publish","type":"post","link":"https:\/\/masquenoticiastucuman.com.ar\/?p=61745","title":{"rendered":"De goleador a entrenador, la nueva vida del Tanque Santiago Silva: \u201cNo me retir\u00e9, soy un futbolista eterno\u201d"},"content":{"rendered":"<ul>\n<li>El ex delantero repasa su carrera, habla de su final involuntario y revela su sue\u00f1o de dirigir.<\/li>\n<li>Recuerda momentos duros, desde la selecci\u00f3n de Uruguay hasta la sanci\u00f3n por doping.<\/li>\n<li>Tambi\u00e9n apunta contra el f\u00fatbol actual y el impacto de las redes sociales.<\/li>\n<\/ul>\n<p>\u200bEl ex delantero repasa su carrera, habla de su final involuntario y revela su sue\u00f1o de dirigir.Recuerda momentos duros, desde la selecci\u00f3n de Uruguay hasta la sanci\u00f3n por doping.Tambi\u00e9n apunta contra el f\u00fatbol actual y el impacto de las redes sociales.\u00a0<a href=\"https:\/\/www.clarin.com\/deportes\/goleador-entrenador-nueva-vida-tanque-santiago-silva-retire-futbolista-eterno_0_PC5X6oiUhp.html\" target=\"_blank\" class=\"feedzy-rss-link-icon\">Read More<\/a><\/p>","protected":false},"excerpt":{"rendered":"<p>El ex delantero repasa su carrera, habla de su final involuntario y revela su sue\u00f1o&#8230;<\/p>\n","protected":false},"author":1,"featured_media":0,"comment_status":"open","ping_status":"open","sticky":false,"template":"","format":"standard","meta":{"footnotes":""},"categories":[6],"tags":[],"class_list":["post-61745","post","type-post","status-publish","format-standard","has-post-thumbnail","hentry","category-deportes"],"_links":{"self":[{"href":"https:\/\/masquenoticiastucuman.com.ar\/index.php?rest_route=\/wp\/v2\/posts\/61745","targetHints":{"allow":["GET"]}}],"collection":[{"href":"https:\/\/masquenoticiastucuman.com.ar\/index.php?rest_route=\/wp\/v2\/posts"}],"about":[{"href":"https:\/\/masquenoticiastucuman.com.ar\/index.php?rest_route=\/wp\/v2\/types\/post"}],"author":[{"embeddable":true,"href":"https:\/\/masquenoticiastucuman.com.ar\/index.php?rest_route=\/wp\/v2\/users\/1"}],"replies":[{"embeddable":true,"href":"https:\/\/masquenoticiastucuman.com.ar\/index.php?rest_route=%2Fwp%2Fv2%2Fcomments&post=61745"}],"version-history":[{"count":0,"href":"https:\/\/masquenoticiastucuman.com.ar\/index.php?rest_route=\/wp\/v2\/posts\/61745\/revisions"}],"wp:attachment":[{"href":"https:\/\/masquenoticiastucuman.com.ar\/index.php?rest_route=%2Fwp%2Fv2%2Fmedia&parent=61745"}],"wp:term":[{"taxonomy":"category","embeddable":true,"href":"https:\/\/masquenoticiastucuman.com.ar\/index.php?rest_route=%2Fwp%2Fv2%2Fcategories&post=61745"},{"taxonomy":"post_tag","embeddable":true,"href":"https:\/\/masquenoticiastucuman.com.ar\/index.php?rest_route=%2Fwp%2Fv2%2Ftags&post=61745"}],"curies":[{"name":"wp","href":"https:\/\/api.w.org\/{rel}","templated":true}]}}