{"id":61746,"date":"2026-05-01T06:00:20","date_gmt":"2026-05-01T09:00:20","guid":{"rendered":"http:\/\/masquenoticiastucuman.com.ar\/?p=61746"},"modified":"2026-05-01T06:00:20","modified_gmt":"2026-05-01T09:00:20","slug":"f1-gp-de-miami-con-franco-colapinto-en-vivo-horarios-y-como-ver-la-practica-y-la-clasificacion-sprint","status":"publish","type":"post","link":"https:\/\/masquenoticiastucuman.com.ar\/?p=61746","title":{"rendered":"F1 GP de Miami con Franco Colapinto, EN VIVO: horarios y c\u00f3mo ver la pr\u00e1ctica y la clasificaci\u00f3n sprint"},"content":{"rendered":"<ul>\n<li>La categor\u00eda retoma la actividad despu\u00e9s de cinco semanas sin carreras desde el GP de Jap\u00f3n y con varios cambios reglamentarios.<\/li>\n<li>El argentino, que nunca corri\u00f3 en este circuito, sale a escena despu\u00e9s de su multitudinaria exhibici\u00f3n en Buenos Aires, donde reuni\u00f3 a 600 mil personas.<\/li>\n<\/ul>\n<p>\u200bLa categor\u00eda retoma la actividad despu\u00e9s de cinco semanas sin carreras desde el GP de Jap\u00f3n y con varios cambios reglamentarios.El argentino, que nunca corri\u00f3 en este circuito, sale a escena despu\u00e9s de su multitudinaria exhibici\u00f3n en Buenos Aires, donde reuni\u00f3 a 600 mil personas.\u00a0<a href=\"https:\/\/www.clarin.com\/deportes\/f1-gp-miami-franco-colapinto-vivo-horarios-ver-practica-clasificacion-sprint_0_YuQecoSlDN.html\" target=\"_blank\" class=\"feedzy-rss-link-icon\">Read More<\/a><\/p>","protected":false},"excerpt":{"rendered":"<p>La categor\u00eda retoma la actividad despu\u00e9s de cinco semanas sin carreras desde el GP de&#8230;<\/p>\n","protected":false},"author":1,"featured_media":0,"comment_status":"open","ping_status":"open","sticky":false,"template":"","format":"standard","meta":{"footnotes":""},"categories":[6],"tags":[],"class_list":["post-61746","post","type-post","status-publish","format-standard","has-post-thumbnail","hentry","category-deportes"],"_links":{"self":[{"href":"https:\/\/masquenoticiastucuman.com.ar\/index.php?rest_route=\/wp\/v2\/posts\/61746","targetHints":{"allow":["GET"]}}],"collection":[{"href":"https:\/\/masquenoticiastucuman.com.ar\/index.php?rest_route=\/wp\/v2\/posts"}],"about":[{"href":"https:\/\/masquenoticiastucuman.com.ar\/index.php?rest_route=\/wp\/v2\/types\/post"}],"author":[{"embeddable":true,"href":"https:\/\/masquenoticiastucuman.com.ar\/index.php?rest_route=\/wp\/v2\/users\/1"}],"replies":[{"embeddable":true,"href":"https:\/\/masquenoticiastucuman.com.ar\/index.php?rest_route=%2Fwp%2Fv2%2Fcomments&post=61746"}],"version-history":[{"count":0,"href":"https:\/\/masquenoticiastucuman.com.ar\/index.php?rest_route=\/wp\/v2\/posts\/61746\/revisions"}],"wp:attachment":[{"href":"https:\/\/masquenoticiastucuman.com.ar\/index.php?rest_route=%2Fwp%2Fv2%2Fmedia&parent=61746"}],"wp:term":[{"taxonomy":"category","embeddable":true,"href":"https:\/\/masquenoticiastucuman.com.ar\/index.php?rest_route=%2Fwp%2Fv2%2Fcategories&post=61746"},{"taxonomy":"post_tag","embeddable":true,"href":"https:\/\/masquenoticiastucuman.com.ar\/index.php?rest_route=%2Fwp%2Fv2%2Ftags&post=61746"}],"curies":[{"name":"wp","href":"https:\/\/api.w.org\/{rel}","templated":true}]}}