{"id":61750,"date":"2026-05-01T10:34:15","date_gmt":"2026-05-01T13:34:15","guid":{"rendered":"https:\/\/masquenoticiastucuman.com.ar\/?p=61750"},"modified":"2026-05-01T10:34:16","modified_gmt":"2026-05-01T13:34:16","slug":"la-unidad-regional-este-recorre-su-jurisdiccion-con-un-operativo-preventivo","status":"publish","type":"post","link":"https:\/\/masquenoticiastucuman.com.ar\/?p=61750","title":{"rendered":"La Unidad Regional Este recorre su jurisdicci\u00f3n con un operativo preventivo"},"content":{"rendered":"\n<p>El jefe de la URE, comisario general Daniel Ruiz, destac\u00f3 los objetivos de un trabajo que implica un despliegue territorial amplio que comenz\u00f3 anoche, jueves 30 de abril.<\/p>\n\n\n\n<p id=\"isPasted\">\u201cEstamos trabajando este jueves en v\u00edsperas de un primero de mayo, es por eso que le pedimos a la ciudadan\u00eda que respete las normas de convivencia; que si salen a la calle en veh\u00edculo no consuman alcohol, que respeten las disposiciones de la Ley Nacional de Tr\u00e1nsito, en lo que respecta a la ocupaci\u00f3n de cada veh\u00edculo y de acuerdo con la homologaci\u00f3n que tiene cada uno; es decir: si van en un autom\u00f3vil que no vayan m\u00e1s de 5 personas, si van en motocicleta que no circulen m\u00e1s de 2, con las medidas de seguridad colocadas\u201d, precis\u00f3&nbsp;<strong>Daniel Ruiz.<\/strong><\/p>\n\n\n\n<p>\u201cVamos a trabajar de acuerdo el an\u00e1lisis que se realiza en el centro de operaciones policiales en lo que hace a los barrios populares, sin descuidar la zona comercial; donde vamos a hacer control articulando los recursos con las municipalidades de cada jurisdicci\u00f3n. &nbsp;Mientras tanto las columnas que se van a separar en diferentes grupos para trabajar este en la zona del Bando del Sal\u00ed, Alderetes, Lastenia, Delf\u00edn Gallo, y La Florida, donde ya tenemos algunas incidencias en algunas llamadas telef\u00f3nicas que hace necesario nuestra presencia\u201d, agreg\u00f3 el comisario General.<\/p>\n\n\n\n<p>Al ser consultado acerca de los recursos empleados en este operativo, Ruiz confirm\u00f3, \u201cestamos utilizando los recursos propios que tiene esta Regional, tambi\u00e9n los asignados por diferentes unidades especiales que son DIGEDROP, Divisiones Motorizadas, Brigada de Investigaciones y, los recursos propios de Infanter\u00eda de la Regional Este, como as\u00ed tambi\u00e9n los jefes de Comisarias y de Zonas, que se encuentran al frente de este operativo comandando los recursos humanos y rodantes\u201d, cerr\u00f3 Ruiz.<\/p>\n","protected":false},"excerpt":{"rendered":"<p>El jefe de la URE, comisario general Daniel Ruiz, destac\u00f3 los objetivos de un trabajo&#8230;<\/p>\n","protected":false},"author":2,"featured_media":61759,"comment_status":"open","ping_status":"open","sticky":false,"template":"","format":"standard","meta":{"footnotes":""},"categories":[2],"tags":[],"class_list":["post-61750","post","type-post","status-publish","format-standard","has-post-thumbnail","hentry","category-locales"],"_links":{"self":[{"href":"https:\/\/masquenoticiastucuman.com.ar\/index.php?rest_route=\/wp\/v2\/posts\/61750","targetHints":{"allow":["GET"]}}],"collection":[{"href":"https:\/\/masquenoticiastucuman.com.ar\/index.php?rest_route=\/wp\/v2\/posts"}],"about":[{"href":"https:\/\/masquenoticiastucuman.com.ar\/index.php?rest_route=\/wp\/v2\/types\/post"}],"author":[{"embeddable":true,"href":"https:\/\/masquenoticiastucuman.com.ar\/index.php?rest_route=\/wp\/v2\/users\/2"}],"replies":[{"embeddable":true,"href":"https:\/\/masquenoticiastucuman.com.ar\/index.php?rest_route=%2Fwp%2Fv2%2Fcomments&post=61750"}],"version-history":[{"count":1,"href":"https:\/\/masquenoticiastucuman.com.ar\/index.php?rest_route=\/wp\/v2\/posts\/61750\/revisions"}],"predecessor-version":[{"id":61760,"href":"https:\/\/masquenoticiastucuman.com.ar\/index.php?rest_route=\/wp\/v2\/posts\/61750\/revisions\/61760"}],"wp:featuredmedia":[{"embeddable":true,"href":"https:\/\/masquenoticiastucuman.com.ar\/index.php?rest_route=\/wp\/v2\/media\/61759"}],"wp:attachment":[{"href":"https:\/\/masquenoticiastucuman.com.ar\/index.php?rest_route=%2Fwp%2Fv2%2Fmedia&parent=61750"}],"wp:term":[{"taxonomy":"category","embeddable":true,"href":"https:\/\/masquenoticiastucuman.com.ar\/index.php?rest_route=%2Fwp%2Fv2%2Fcategories&post=61750"},{"taxonomy":"post_tag","embeddable":true,"href":"https:\/\/masquenoticiastucuman.com.ar\/index.php?rest_route=%2Fwp%2Fv2%2Ftags&post=61750"}],"curies":[{"name":"wp","href":"https:\/\/api.w.org\/{rel}","templated":true}]}}