{"id":61753,"date":"2026-05-01T09:09:51","date_gmt":"2026-05-01T12:09:51","guid":{"rendered":"http:\/\/masquenoticiastucuman.com.ar\/?p=61753"},"modified":"2026-05-01T09:09:51","modified_gmt":"2026-05-01T12:09:51","slug":"trump-desafia-limite-legal-de-60-dias-para-continuar-la-guerra-contra-iran-la-justificacion-del-pentagono","status":"publish","type":"post","link":"https:\/\/masquenoticiastucuman.com.ar\/?p=61753","title":{"rendered":"Trump desaf\u00eda l\u00edmite legal de 60 d\u00edas para continuar la guerra contra Ir\u00e1n: la justificaci\u00f3n del Pent\u00e1gono"},"content":{"rendered":"<ul>\n<li>El plazo vence este viernes. Pete Hegseth argument\u00f3 que, debido al alto el fuego, &#8220;el plazo de 60 d\u00edas queda suspendido&#8221;.<\/li>\n<li>Ir\u00e1n activ\u00f3 en la noche del jueves su defensa a\u00e9rea contra aviones y drones, en la capital.<\/li>\n<\/ul>\n<p>\u200bEl plazo vence este viernes. Pete Hegseth argument\u00f3 que, debido al alto el fuego, &#8220;el plazo de 60 d\u00edas queda suspendido&#8221;.Ir\u00e1n activ\u00f3 en la noche del jueves su defensa a\u00e9rea contra aviones y drones, en la capital.\u00a0<a href=\"https:\/\/www.clarin.com\/mundo\/trump-desafia-limite-legal-60-dias-continuar-guerra-iran-justificacion-pentagono_0_shvDjlvrSZ.html\" target=\"_blank\" class=\"feedzy-rss-link-icon\">Read More<\/a><\/p>","protected":false},"excerpt":{"rendered":"<p>El plazo vence este viernes. Pete Hegseth argument\u00f3 que, debido al alto el fuego, &#8220;el&#8230;<\/p>\n","protected":false},"author":1,"featured_media":61754,"comment_status":"open","ping_status":"open","sticky":false,"template":"","format":"standard","meta":{"footnotes":""},"categories":[4],"tags":[],"class_list":["post-61753","post","type-post","status-publish","format-standard","has-post-thumbnail","hentry","category-internacionales"],"_links":{"self":[{"href":"https:\/\/masquenoticiastucuman.com.ar\/index.php?rest_route=\/wp\/v2\/posts\/61753","targetHints":{"allow":["GET"]}}],"collection":[{"href":"https:\/\/masquenoticiastucuman.com.ar\/index.php?rest_route=\/wp\/v2\/posts"}],"about":[{"href":"https:\/\/masquenoticiastucuman.com.ar\/index.php?rest_route=\/wp\/v2\/types\/post"}],"author":[{"embeddable":true,"href":"https:\/\/masquenoticiastucuman.com.ar\/index.php?rest_route=\/wp\/v2\/users\/1"}],"replies":[{"embeddable":true,"href":"https:\/\/masquenoticiastucuman.com.ar\/index.php?rest_route=%2Fwp%2Fv2%2Fcomments&post=61753"}],"version-history":[{"count":0,"href":"https:\/\/masquenoticiastucuman.com.ar\/index.php?rest_route=\/wp\/v2\/posts\/61753\/revisions"}],"wp:featuredmedia":[{"embeddable":true,"href":"https:\/\/masquenoticiastucuman.com.ar\/index.php?rest_route=\/wp\/v2\/media\/61754"}],"wp:attachment":[{"href":"https:\/\/masquenoticiastucuman.com.ar\/index.php?rest_route=%2Fwp%2Fv2%2Fmedia&parent=61753"}],"wp:term":[{"taxonomy":"category","embeddable":true,"href":"https:\/\/masquenoticiastucuman.com.ar\/index.php?rest_route=%2Fwp%2Fv2%2Fcategories&post=61753"},{"taxonomy":"post_tag","embeddable":true,"href":"https:\/\/masquenoticiastucuman.com.ar\/index.php?rest_route=%2Fwp%2Fv2%2Ftags&post=61753"}],"curies":[{"name":"wp","href":"https:\/\/api.w.org\/{rel}","templated":true}]}}