{"id":61755,"date":"2026-05-01T09:00:19","date_gmt":"2026-05-01T12:00:19","guid":{"rendered":"http:\/\/masquenoticiastucuman.com.ar\/?p=61755"},"modified":"2026-05-01T09:00:19","modified_gmt":"2026-05-01T12:00:19","slug":"panorama-internacional-iran-oriente-medio-la-ucranizacion-del-sistema-global","status":"publish","type":"post","link":"https:\/\/masquenoticiastucuman.com.ar\/?p=61755","title":{"rendered":"Panorama Internacional: Ir\u00e1n, Oriente Medio&#8230; la &#8220;ucranizaci\u00f3n&#8221; del sistema global"},"content":{"rendered":"<p>La \u201cucranizaci\u00f3n\u201d del Golfo P\u00e9rsico significa una disrupci\u00f3n log\u00edstica que ninguna econom\u00eda occidental est\u00e1 capacitada para absorber. Por lo dem\u00e1s, el da\u00f1o que esta guerra le causa al sistema es de suma cero. No hay ganancias. Y para peor, la diplomacia se torna irrelevante.<\/p>\n<p>\u200bLa \u201cucranizaci\u00f3n\u201d del Golfo P\u00e9rsico significa una disrupci\u00f3n log\u00edstica que ninguna econom\u00eda occidental est\u00e1 capacitada para absorber. Por lo dem\u00e1s, el da\u00f1o que esta guerra le causa al sistema es de suma cero. No hay ganancias. Y para peor, la diplomacia se torna irrelevante.\u00a0<a href=\"https:\/\/www.clarin.com\/mundo\/panorama-internacional-iran-oriente-medio-ucranizacion-sistema-global_0_RlDnRx5ucQ.html\" target=\"_blank\" class=\"feedzy-rss-link-icon\">Read More<\/a><\/p>","protected":false},"excerpt":{"rendered":"<p>La \u201cucranizaci\u00f3n\u201d del Golfo P\u00e9rsico significa una disrupci\u00f3n log\u00edstica que ninguna econom\u00eda occidental est\u00e1 capacitada&#8230;<\/p>\n","protected":false},"author":1,"featured_media":61756,"comment_status":"open","ping_status":"open","sticky":false,"template":"","format":"standard","meta":{"footnotes":""},"categories":[4],"tags":[],"class_list":["post-61755","post","type-post","status-publish","format-standard","has-post-thumbnail","hentry","category-internacionales"],"_links":{"self":[{"href":"https:\/\/masquenoticiastucuman.com.ar\/index.php?rest_route=\/wp\/v2\/posts\/61755","targetHints":{"allow":["GET"]}}],"collection":[{"href":"https:\/\/masquenoticiastucuman.com.ar\/index.php?rest_route=\/wp\/v2\/posts"}],"about":[{"href":"https:\/\/masquenoticiastucuman.com.ar\/index.php?rest_route=\/wp\/v2\/types\/post"}],"author":[{"embeddable":true,"href":"https:\/\/masquenoticiastucuman.com.ar\/index.php?rest_route=\/wp\/v2\/users\/1"}],"replies":[{"embeddable":true,"href":"https:\/\/masquenoticiastucuman.com.ar\/index.php?rest_route=%2Fwp%2Fv2%2Fcomments&post=61755"}],"version-history":[{"count":0,"href":"https:\/\/masquenoticiastucuman.com.ar\/index.php?rest_route=\/wp\/v2\/posts\/61755\/revisions"}],"wp:featuredmedia":[{"embeddable":true,"href":"https:\/\/masquenoticiastucuman.com.ar\/index.php?rest_route=\/wp\/v2\/media\/61756"}],"wp:attachment":[{"href":"https:\/\/masquenoticiastucuman.com.ar\/index.php?rest_route=%2Fwp%2Fv2%2Fmedia&parent=61755"}],"wp:term":[{"taxonomy":"category","embeddable":true,"href":"https:\/\/masquenoticiastucuman.com.ar\/index.php?rest_route=%2Fwp%2Fv2%2Fcategories&post=61755"},{"taxonomy":"post_tag","embeddable":true,"href":"https:\/\/masquenoticiastucuman.com.ar\/index.php?rest_route=%2Fwp%2Fv2%2Ftags&post=61755"}],"curies":[{"name":"wp","href":"https:\/\/api.w.org\/{rel}","templated":true}]}}