{"id":61757,"date":"2026-05-01T09:08:35","date_gmt":"2026-05-01T12:08:35","guid":{"rendered":"http:\/\/masquenoticiastucuman.com.ar\/?p=61757"},"modified":"2026-05-01T09:08:35","modified_gmt":"2026-05-01T12:08:35","slug":"life-chronicles-en-buenos-aires-como-es-viajar-3-500-millones-de-anos-atras-y-estar-cara-a-cara-con-dinosaurios","status":"publish","type":"post","link":"https:\/\/masquenoticiastucuman.com.ar\/?p=61757","title":{"rendered":"Life Chronicles en Buenos Aires: c\u00f3mo es viajar 3.500 millones de a\u00f1os atr\u00e1s y estar cara a cara con dinosaurios"},"content":{"rendered":"<ul>\n<li>La nueva experiencia inmersiva de realidad virtual aumentada lleg\u00f3 a La Rural y propone un recorrido impactante por la evoluci\u00f3n de la vida, desde los primeros organismos hasta el ser humano.<\/li>\n<li>Con rigor cient\u00edfico y una narrativa envolvente, el viaje combina tecnolog\u00eda, ciencia y entretenimiento en 45 minutos que sorprenden a chicos y adultos por igual.<\/li>\n<\/ul>\n<p>\u200bLa nueva experiencia inmersiva de realidad virtual aumentada lleg\u00f3 a La Rural y propone un recorrido impactante por la evoluci\u00f3n de la vida, desde los primeros organismos hasta el ser humano.Con rigor cient\u00edfico y una narrativa envolvente, el viaje combina tecnolog\u00eda, ciencia y entretenimiento en 45 minutos que sorprenden a chicos y adultos por igual.\u00a0<a href=\"https:\/\/www.clarin.com\/espectaculos\/life-chronicles-buenos-aires-viajar-3500-millones-anos-cara-cara-dinosaurios_0_lBHgNR4hlX.html\" target=\"_blank\" class=\"feedzy-rss-link-icon\">Read More<\/a><\/p>","protected":false},"excerpt":{"rendered":"<p>La nueva experiencia inmersiva de realidad virtual aumentada lleg\u00f3 a La Rural y propone un&#8230;<\/p>\n","protected":false},"author":1,"featured_media":0,"comment_status":"open","ping_status":"open","sticky":false,"template":"","format":"standard","meta":{"footnotes":""},"categories":[5],"tags":[],"class_list":["post-61757","post","type-post","status-publish","format-standard","has-post-thumbnail","hentry","category-espectaculo"],"_links":{"self":[{"href":"https:\/\/masquenoticiastucuman.com.ar\/index.php?rest_route=\/wp\/v2\/posts\/61757","targetHints":{"allow":["GET"]}}],"collection":[{"href":"https:\/\/masquenoticiastucuman.com.ar\/index.php?rest_route=\/wp\/v2\/posts"}],"about":[{"href":"https:\/\/masquenoticiastucuman.com.ar\/index.php?rest_route=\/wp\/v2\/types\/post"}],"author":[{"embeddable":true,"href":"https:\/\/masquenoticiastucuman.com.ar\/index.php?rest_route=\/wp\/v2\/users\/1"}],"replies":[{"embeddable":true,"href":"https:\/\/masquenoticiastucuman.com.ar\/index.php?rest_route=%2Fwp%2Fv2%2Fcomments&post=61757"}],"version-history":[{"count":0,"href":"https:\/\/masquenoticiastucuman.com.ar\/index.php?rest_route=\/wp\/v2\/posts\/61757\/revisions"}],"wp:attachment":[{"href":"https:\/\/masquenoticiastucuman.com.ar\/index.php?rest_route=%2Fwp%2Fv2%2Fmedia&parent=61757"}],"wp:term":[{"taxonomy":"category","embeddable":true,"href":"https:\/\/masquenoticiastucuman.com.ar\/index.php?rest_route=%2Fwp%2Fv2%2Fcategories&post=61757"},{"taxonomy":"post_tag","embeddable":true,"href":"https:\/\/masquenoticiastucuman.com.ar\/index.php?rest_route=%2Fwp%2Fv2%2Ftags&post=61757"}],"curies":[{"name":"wp","href":"https:\/\/api.w.org\/{rel}","templated":true}]}}