{"id":61761,"date":"2026-05-01T10:45:19","date_gmt":"2026-05-01T13:45:19","guid":{"rendered":"https:\/\/masquenoticiastucuman.com.ar\/?p=61761"},"modified":"2026-05-01T10:45:19","modified_gmt":"2026-05-01T13:45:19","slug":"jaldo-entrego-maquinaria-en-tafi-del-valle-con-una-inversion-de-mas-de-349-millones","status":"publish","type":"post","link":"https:\/\/masquenoticiastucuman.com.ar\/?p=61761","title":{"rendered":"Jaldo entreg\u00f3 maquinaria en Taf\u00ed del Valle con una inversi\u00f3n de m\u00e1s de $349 millones"},"content":{"rendered":"\n<p>El Primer Mandatario encabez\u00f3 un acto, donde se incorporaron una excavadora retro oruga y una camioneta 0 km, destinadas a mejorar la infraestructura, la prevenci\u00f3n ante contingencias y la asistencia a los vecinos.<\/p>\n\n\n\n<p id=\"isPasted\">El gobernador<strong>, Osvaldo Jaldo,<\/strong>&nbsp;encabez\u00f3 en Taf\u00ed del Valle el acto de entrega de equipamiento vial y veh\u00edculos destinados a fortalecer el parque automotor municipal y optimizar los servicios para la comunidad.<strong><\/strong><\/p>\n\n\n\n<p><strong>La incorporaci\u00f3n incluye una excavadora retro oruga y una camioneta 0 km, con una inversi\u00f3n total de $349.108.657.<\/strong>&nbsp;Estas unidades permitir\u00e1n mejorar tareas de mantenimiento, obras p\u00fablicas y acciones preventivas ante contingencias clim\u00e1ticas, especialmente en una zona de geograf\u00eda compleja como los Valles Calchaqu\u00edes.<\/p>\n\n\n\n<figure class=\"wp-block-image size-large\"><img loading=\"lazy\" decoding=\"async\" width=\"1024\" height=\"683\" src=\"https:\/\/masquenoticiastucuman.com.ar\/wp-content\/uploads\/2026\/05\/260430130445_74566-1024x683.jpeg\" alt=\"\" class=\"wp-image-61762\" srcset=\"https:\/\/masquenoticiastucuman.com.ar\/wp-content\/uploads\/2026\/05\/260430130445_74566-1024x683.jpeg 1024w, https:\/\/masquenoticiastucuman.com.ar\/wp-content\/uploads\/2026\/05\/260430130445_74566-300x200.jpeg 300w, https:\/\/masquenoticiastucuman.com.ar\/wp-content\/uploads\/2026\/05\/260430130445_74566-768x512.jpeg 768w, https:\/\/masquenoticiastucuman.com.ar\/wp-content\/uploads\/2026\/05\/260430130445_74566.jpeg 1249w\" sizes=\"auto, (max-width: 1024px) 100vw, 1024px\" \/><\/figure>\n\n\n\n<blockquote class=\"wp-block-quote is-layout-flow wp-block-quote-is-layout-flow\">\n<p id=\"isPasted\">\u201cHemos comprado uno de los equipos m\u00e1s importantes en su tipolog\u00eda y lo trajimos para dejarlo definitivamente al servicio del municipio de Taf\u00ed del Valle\u201d, afirm\u00f3 el Gobernador.<\/p>\n<\/blockquote>\n\n\n\n<p>En ese sentido, subray\u00f3 que la maquinaria no solo beneficiar\u00e1 a la ciudad, sino tambi\u00e9n a localidades cercanas. \u201cEste equipo tambi\u00e9n va a colaborar con comunas vecinas como El Mollar, Amaicha del Valle y Colalao del Valle, cuando la poblaci\u00f3n lo necesite\u201d, remarc\u00f3.<\/p>\n\n\n\n<p>Respecto a la camioneta 0 km, Jaldo explic\u00f3 su rol en el \u00e1mbito social: \u201cSe pone a disposici\u00f3n para la acci\u00f3n social. Ojal\u00e1 no haya que usarla, pero es fundamental que est\u00e9 presente para brindar respuestas cuando se la necesite\u201d.<\/p>\n\n\n\n<p>El Gobernador resalt\u00f3 adem\u00e1s el impacto de las inversiones en los Valles Calchaqu\u00edes: \u201cHoy Taf\u00ed del Valle sigue creciendo, con m\u00e1s infraestructura como el alumbrado p\u00fablico que inauguramos recientemente, aunque sabemos que a\u00fan falta mucho por hacer\u201d.<\/p>\n\n\n\n<p>En su mensaje, tambi\u00e9n hizo hincapi\u00e9 en la presencia activa del Gobierno provincial en todo el territorio: \u201cEstamos recorriendo cada rinc\u00f3n de Tucum\u00e1n y nunca llegamos con las manos vac\u00edas; siempre llevamos soluciones concretas en obras, salud, educaci\u00f3n y seguridad\u201d.<\/p>\n\n\n\n<p>Finalmente, Jaldo valor\u00f3 los avances en materia de seguridad en la provincia y en particular en Taf\u00ed del Valle: \u201cHoy Tucum\u00e1n est\u00e1 entre las provincias que m\u00e1s han reducido el delito y los homicidios, y eso se logra con inversi\u00f3n, planificaci\u00f3n y presencia del Estado\u201d.<\/p>\n\n\n\n<p>El Primer Mandatario estuvo compa\u00f1ado por el ministro de Interior,&nbsp;<strong>Dar\u00edo Monteros<\/strong>; el ministro de Obras, Infraestructura y Transporte P\u00fablico,&nbsp;<strong>Marcelo Nazur<\/strong>; el titular del Instituto Provincial de la Vivienda (IPV),<strong>&nbsp;Hugo Cabral;&nbsp;<\/strong>el intendente de Taf\u00ed del Valle,&nbsp;<strong>Francisco Caliva;&nbsp;<\/strong>el intendente de Famaill\u00e1,&nbsp;<strong>Enrique Orellana<\/strong>; la ntendenta de Lules,&nbsp;<strong>Marta Albarrac\u00edn;&nbsp;<\/strong>la intendenta de Aguilares,&nbsp;<strong>Gimena Mansilla;<\/strong>&nbsp;el intendente de Alberdi,&nbsp;<strong>Bruno Romano<\/strong>; el intendente de Monteros,<strong>&nbsp;Francisco Serra<\/strong>; el intendente de Simoca,<strong>&nbsp;Elvio Salazar<\/strong>; el secretario de Grandes Comunas;&nbsp;<strong>Marcelo Santillan;&nbsp;<\/strong>el presidente del Honorable Concejo Deliberante de Taf\u00ed del Valle,&nbsp;<strong>Gustavo Yapura;&nbsp;<\/strong>el delegado comunal de Santa Ana,&nbsp;<strong>Hern\u00e1n Romano<\/strong>&nbsp;y el delegado comunal de Villa Quinteros,&nbsp;<strong>Gustavo Marcial.<\/strong><\/p>\n\n\n\n<p><strong><\/strong>El acto tambi\u00e9n cont\u00f3 con la participaci\u00f3n de representantes de comunidades originarias y vecinos.<\/p>\n\n\n\n<p id=\"isPasted\">Por su parte, el ministro del Interior, Dar\u00edo Monteros, destac\u00f3 la conducci\u00f3n del gobermador Jaldo y el trabajo articulado con los municipios. \u201cHay un equipo que responde y un gobernador que, con recursos propios y una gesti\u00f3n ordenada, sigue acompa\u00f1ando el crecimiento del interior\u201d, afirm\u00f3.<\/p>\n\n\n\n<p id=\"isPasted\">El ministro de Obras, Infraestructura y Transporte P\u00fablico,&nbsp;<strong>Marcelo Nazur<\/strong>; expres\u00f3 que \u00abhoy acompa\u00f1amos al gobernador Jaldo y al intendente Caliva, equipando a este gran municipio de Tucum\u00e1n\u201d,&nbsp;<\/p>\n\n\n\n<p><strong>En ese sentido, remarc\u00f3 la presencia del Estado en todo el territorio provincial: \u201cEsto es una muestra de que nuestro gobernador Osvaldo Jaldo viene a fortalecer la obra p\u00fablica y a garantizar un Estado presente en toda la provincia\u201d.<\/strong><\/p>\n\n\n\n<p>Adem\u00e1s, destac\u00f3 el avance de obras viales estrat\u00e9gicas: \u201cHay que destacar la Ruta Provincial 307 y la Ruta 347, que conecta la Ruta 40 con la ciudad sagrada de Quilmes, donde se est\u00e1n ejecutando obras importantes\u201d.<\/p>\n\n\n\n<p id=\"isPasted\">A su turno, el intendente Francisco Caliva celebr\u00f3 la concreci\u00f3n de este avance, gracias a la gestion del mandatario provincial para el municipio: \u201cEsto era un sue\u00f1o desde hace a\u00f1os y hoy es una realidad gracias al trabajo conjunto. Estas herramientas nos permitir\u00e1n mejorar los servicios y las obras para nuestros vecinos\u201d, sostuvo.<\/p>\n","protected":false},"excerpt":{"rendered":"<p>El Primer Mandatario encabez\u00f3 un acto, donde se incorporaron una excavadora retro oruga y una&#8230;<\/p>\n","protected":false},"author":2,"featured_media":0,"comment_status":"open","ping_status":"open","sticky":false,"template":"","format":"standard","meta":{"footnotes":""},"categories":[2],"tags":[],"class_list":["post-61761","post","type-post","status-publish","format-standard","hentry","category-locales"],"_links":{"self":[{"href":"https:\/\/masquenoticiastucuman.com.ar\/index.php?rest_route=\/wp\/v2\/posts\/61761","targetHints":{"allow":["GET"]}}],"collection":[{"href":"https:\/\/masquenoticiastucuman.com.ar\/index.php?rest_route=\/wp\/v2\/posts"}],"about":[{"href":"https:\/\/masquenoticiastucuman.com.ar\/index.php?rest_route=\/wp\/v2\/types\/post"}],"author":[{"embeddable":true,"href":"https:\/\/masquenoticiastucuman.com.ar\/index.php?rest_route=\/wp\/v2\/users\/2"}],"replies":[{"embeddable":true,"href":"https:\/\/masquenoticiastucuman.com.ar\/index.php?rest_route=%2Fwp%2Fv2%2Fcomments&post=61761"}],"version-history":[{"count":1,"href":"https:\/\/masquenoticiastucuman.com.ar\/index.php?rest_route=\/wp\/v2\/posts\/61761\/revisions"}],"predecessor-version":[{"id":61763,"href":"https:\/\/masquenoticiastucuman.com.ar\/index.php?rest_route=\/wp\/v2\/posts\/61761\/revisions\/61763"}],"wp:attachment":[{"href":"https:\/\/masquenoticiastucuman.com.ar\/index.php?rest_route=%2Fwp%2Fv2%2Fmedia&parent=61761"}],"wp:term":[{"taxonomy":"category","embeddable":true,"href":"https:\/\/masquenoticiastucuman.com.ar\/index.php?rest_route=%2Fwp%2Fv2%2Fcategories&post=61761"},{"taxonomy":"post_tag","embeddable":true,"href":"https:\/\/masquenoticiastucuman.com.ar\/index.php?rest_route=%2Fwp%2Fv2%2Ftags&post=61761"}],"curies":[{"name":"wp","href":"https:\/\/api.w.org\/{rel}","templated":true}]}}