{"id":61765,"date":"2026-05-01T10:51:39","date_gmt":"2026-05-01T13:51:39","guid":{"rendered":"https:\/\/masquenoticiastucuman.com.ar\/?p=61765"},"modified":"2026-05-01T10:51:39","modified_gmt":"2026-05-01T13:51:39","slug":"el-gobernador-envio-un-mensaje-por-el-dia-del-trabajador-y-destaco-el-valor-del-empleo","status":"publish","type":"post","link":"https:\/\/masquenoticiastucuman.com.ar\/?p=61765","title":{"rendered":"El Gobernador envi\u00f3 un mensaje por el D\u00eda del Trabajador y destac\u00f3 el valor del empleo"},"content":{"rendered":"\n<p>El mandatario tucumano, Osvaldo Jaldo, invit\u00f3 a la comunidad a reflexionar sobre la importancia del trabajo y acompa\u00f1ar las iniciativas que promueven el desarrollo y la generaci\u00f3n de empleo en la provincia.<\/p>\n\n\n\n<p>En el marco del D\u00eda del Trabajador, que se conmemora ma\u00f1ana, 1 de mayo, el gobernador,&nbsp;Osvaldo Jaldo&nbsp;dirigi\u00f3 un mensaje a los trabajadores de la provincia, en el que se refiri\u00f3 a la situaci\u00f3n del empleo y destac\u00f3 su rol en el desarrollo.<\/p>\n\n\n\n<p>El mandatario expres\u00f3: \u201cSolidarizarme con todos aquellos que todav\u00eda no tienen un trabajo digno. Solidarizarme con todos aquellos que no tienen qu\u00e9 festejar el d\u00eda de ma\u00f1ana porque no tienen un trabajo\u201d.&nbsp;<\/p>\n\n\n\n<p>En ese sentido, agreg\u00f3: \u201cvayan mis saludos para cada uno de ellos y decirles que no bajen los brazos. Que no bajen los brazos porque hay una provincia, hay municipios que estamos trabajando, y esto que tiene que ver con la obra p\u00fablica \u2013dijo en referencia a la entrega de maquinarias que realiz\u00f3 en Taf\u00ed del Valle- es una es una actividad que reactiva y dinamiza la econom\u00eda, pero genera muchos puestos de empleo\u201d.<\/p>\n\n\n\n<p>Asimismo, se dirigi\u00f3 a los trabajadores de distintos sectores: \u201cmandarle un abrazo grande y un saludo a todos los trabajadores del sector p\u00fablico provincial, municipal, comunal, pero tambi\u00e9n de los sectores privados, los trabajadores del sector privado que se esfuerzan mucho. Vayan mis felicitaciones el d\u00eda de ma\u00f1ana\u201d.<\/p>\n\n\n\n<p>El gobernador tambi\u00e9n se refiri\u00f3 a la situaci\u00f3n econ\u00f3mica actual: \u201cTambi\u00e9n sabemos que el que tiene trabajo por ah\u00ed hoy no tiene mucho para festejar, porque, aun teniendo un sueldo, no llegan a fin de mes\u201d.<\/p>\n\n\n\n<p>En relaci\u00f3n a ello, indic\u00f3: \u201cHoy, el gran nivel de endeudamiento que tienen los trabajadores, que pr\u00e1cticamente no cobran nada o cobran poco a fin de mes, porque la situaci\u00f3n macroecon\u00f3mica lo llev\u00f3 a endeudarse, endeudarse con cr\u00e9ditos, endeudarse con tarjetas, endeudarse en el banco, endeudarse en la caja. Es decir, a\u00fan, el que tiene trabajo no la est\u00e1 pasando bien\u201d.<\/p>\n\n\n\n<p>Finalmente, Jaldo manifest\u00f3: \u201cPor eso, simplemente, yo creo que, no s\u00e9 si el t\u00e9rmino es festejar, pero s\u00ed tienen que estar con su familia, que son los seres queridos, que son los que nos acompa\u00f1an en las buenas y en las malas, y s\u00ed tambi\u00e9n estar con sus compa\u00f1eros de trabajo, si es posible. Vayan para todos ellos, mis salutaciones, mis felicitaciones, y un humilde consejo, cuiden el trabajo. Cuiden el trabajo, porque aquel que pierde un trabajo, yo le puedo garantizar que hoy, en esta Argentina, no va a conseguir otro\u201d.<\/p>\n","protected":false},"excerpt":{"rendered":"<p>El mandatario tucumano, Osvaldo Jaldo, invit\u00f3 a la comunidad a reflexionar sobre la importancia del&#8230;<\/p>\n","protected":false},"author":2,"featured_media":61766,"comment_status":"open","ping_status":"open","sticky":false,"template":"","format":"standard","meta":{"footnotes":""},"categories":[2],"tags":[],"class_list":["post-61765","post","type-post","status-publish","format-standard","has-post-thumbnail","hentry","category-locales"],"_links":{"self":[{"href":"https:\/\/masquenoticiastucuman.com.ar\/index.php?rest_route=\/wp\/v2\/posts\/61765","targetHints":{"allow":["GET"]}}],"collection":[{"href":"https:\/\/masquenoticiastucuman.com.ar\/index.php?rest_route=\/wp\/v2\/posts"}],"about":[{"href":"https:\/\/masquenoticiastucuman.com.ar\/index.php?rest_route=\/wp\/v2\/types\/post"}],"author":[{"embeddable":true,"href":"https:\/\/masquenoticiastucuman.com.ar\/index.php?rest_route=\/wp\/v2\/users\/2"}],"replies":[{"embeddable":true,"href":"https:\/\/masquenoticiastucuman.com.ar\/index.php?rest_route=%2Fwp%2Fv2%2Fcomments&post=61765"}],"version-history":[{"count":1,"href":"https:\/\/masquenoticiastucuman.com.ar\/index.php?rest_route=\/wp\/v2\/posts\/61765\/revisions"}],"predecessor-version":[{"id":61767,"href":"https:\/\/masquenoticiastucuman.com.ar\/index.php?rest_route=\/wp\/v2\/posts\/61765\/revisions\/61767"}],"wp:featuredmedia":[{"embeddable":true,"href":"https:\/\/masquenoticiastucuman.com.ar\/index.php?rest_route=\/wp\/v2\/media\/61766"}],"wp:attachment":[{"href":"https:\/\/masquenoticiastucuman.com.ar\/index.php?rest_route=%2Fwp%2Fv2%2Fmedia&parent=61765"}],"wp:term":[{"taxonomy":"category","embeddable":true,"href":"https:\/\/masquenoticiastucuman.com.ar\/index.php?rest_route=%2Fwp%2Fv2%2Fcategories&post=61765"},{"taxonomy":"post_tag","embeddable":true,"href":"https:\/\/masquenoticiastucuman.com.ar\/index.php?rest_route=%2Fwp%2Fv2%2Ftags&post=61765"}],"curies":[{"name":"wp","href":"https:\/\/api.w.org\/{rel}","templated":true}]}}