{"id":61768,"date":"2026-05-01T10:47:44","date_gmt":"2026-05-01T13:47:44","guid":{"rendered":"http:\/\/masquenoticiastucuman.com.ar\/?p=61768"},"modified":"2026-05-01T10:47:44","modified_gmt":"2026-05-01T13:47:44","slug":"elecciones-en-la-bolsa-perdio-la-oposicion-y-adelmo-gabbi-logra-mantenerse-al-frente-una-vez-mas","status":"publish","type":"post","link":"https:\/\/masquenoticiastucuman.com.ar\/?p=61768","title":{"rendered":"Elecciones en la Bolsa: perdi\u00f3 la oposici\u00f3n y Adelmo Gabbi logra mantenerse al frente una vez m\u00e1s"},"content":{"rendered":"<ul>\n<li>A los 82 a\u00f1os, el legendario dirigente venci\u00f3 con el 75% de los votos.<\/li>\n<\/ul>\n<p>\u200bA los 82 a\u00f1os, el legendario dirigente venci\u00f3 con el 75% de los votos.\u00a0<a href=\"https:\/\/www.clarin.com\/economia\/elecciones-bolsa-perdio-oposicion-adelmo-gabbi-logra-mantenerse-frente-vez_0_uLCSdIaNV2.html\" target=\"_blank\" class=\"feedzy-rss-link-icon\">Read More<\/a><\/p>","protected":false},"excerpt":{"rendered":"<p>A los 82 a\u00f1os, el legendario dirigente venci\u00f3 con el 75% de los votos. \u200bA&#8230;<\/p>\n","protected":false},"author":1,"featured_media":0,"comment_status":"open","ping_status":"open","sticky":false,"template":"","format":"standard","meta":{"footnotes":""},"categories":[3],"tags":[],"class_list":["post-61768","post","type-post","status-publish","format-standard","has-post-thumbnail","hentry","category-nacionales"],"_links":{"self":[{"href":"https:\/\/masquenoticiastucuman.com.ar\/index.php?rest_route=\/wp\/v2\/posts\/61768","targetHints":{"allow":["GET"]}}],"collection":[{"href":"https:\/\/masquenoticiastucuman.com.ar\/index.php?rest_route=\/wp\/v2\/posts"}],"about":[{"href":"https:\/\/masquenoticiastucuman.com.ar\/index.php?rest_route=\/wp\/v2\/types\/post"}],"author":[{"embeddable":true,"href":"https:\/\/masquenoticiastucuman.com.ar\/index.php?rest_route=\/wp\/v2\/users\/1"}],"replies":[{"embeddable":true,"href":"https:\/\/masquenoticiastucuman.com.ar\/index.php?rest_route=%2Fwp%2Fv2%2Fcomments&post=61768"}],"version-history":[{"count":0,"href":"https:\/\/masquenoticiastucuman.com.ar\/index.php?rest_route=\/wp\/v2\/posts\/61768\/revisions"}],"wp:attachment":[{"href":"https:\/\/masquenoticiastucuman.com.ar\/index.php?rest_route=%2Fwp%2Fv2%2Fmedia&parent=61768"}],"wp:term":[{"taxonomy":"category","embeddable":true,"href":"https:\/\/masquenoticiastucuman.com.ar\/index.php?rest_route=%2Fwp%2Fv2%2Fcategories&post=61768"},{"taxonomy":"post_tag","embeddable":true,"href":"https:\/\/masquenoticiastucuman.com.ar\/index.php?rest_route=%2Fwp%2Fv2%2Ftags&post=61768"}],"curies":[{"name":"wp","href":"https:\/\/api.w.org\/{rel}","templated":true}]}}