{"id":61769,"date":"2026-05-01T10:39:18","date_gmt":"2026-05-01T13:39:18","guid":{"rendered":"http:\/\/masquenoticiastucuman.com.ar\/?p=61769"},"modified":"2026-05-01T10:39:18","modified_gmt":"2026-05-01T13:39:18","slug":"arranco-el-acuerdo-ue-mercosur-diez-claves-para-entender-lo-que-viene-quienes-ganan-y-quienes-pierden","status":"publish","type":"post","link":"https:\/\/masquenoticiastucuman.com.ar\/?p=61769","title":{"rendered":"Arranc\u00f3 el acuerdo UE-Mercosur: diez claves para entender lo que viene, qui\u00e9nes ganan y qui\u00e9nes pierden"},"content":{"rendered":"<ul>\n<li>El acuerdo re\u00fane desde este viernes en una zona de libre comercio a 720 millones de personas y es uno de los m\u00e1s ambiciosos jam\u00e1s firmado.<\/li>\n<li>Los cambios que traer\u00e1.<\/li>\n<\/ul>\n<p>\u200bEl acuerdo re\u00fane desde este viernes en una zona de libre comercio a 720 millones de personas y es uno de los m\u00e1s ambiciosos jam\u00e1s firmado.Los cambios que traer\u00e1.\u00a0<a href=\"https:\/\/www.clarin.com\/mundo\/arranco-acuerdo-ue-mercosur-claves-entender-viene-ganan-pierden_0_Yie4M9Z0tm.html\" target=\"_blank\" class=\"feedzy-rss-link-icon\">Read More<\/a><\/p>","protected":false},"excerpt":{"rendered":"<p>El acuerdo re\u00fane desde este viernes en una zona de libre comercio a 720 millones&#8230;<\/p>\n","protected":false},"author":1,"featured_media":61770,"comment_status":"open","ping_status":"open","sticky":false,"template":"","format":"standard","meta":{"footnotes":""},"categories":[4],"tags":[],"class_list":["post-61769","post","type-post","status-publish","format-standard","has-post-thumbnail","hentry","category-internacionales"],"_links":{"self":[{"href":"https:\/\/masquenoticiastucuman.com.ar\/index.php?rest_route=\/wp\/v2\/posts\/61769","targetHints":{"allow":["GET"]}}],"collection":[{"href":"https:\/\/masquenoticiastucuman.com.ar\/index.php?rest_route=\/wp\/v2\/posts"}],"about":[{"href":"https:\/\/masquenoticiastucuman.com.ar\/index.php?rest_route=\/wp\/v2\/types\/post"}],"author":[{"embeddable":true,"href":"https:\/\/masquenoticiastucuman.com.ar\/index.php?rest_route=\/wp\/v2\/users\/1"}],"replies":[{"embeddable":true,"href":"https:\/\/masquenoticiastucuman.com.ar\/index.php?rest_route=%2Fwp%2Fv2%2Fcomments&post=61769"}],"version-history":[{"count":0,"href":"https:\/\/masquenoticiastucuman.com.ar\/index.php?rest_route=\/wp\/v2\/posts\/61769\/revisions"}],"wp:featuredmedia":[{"embeddable":true,"href":"https:\/\/masquenoticiastucuman.com.ar\/index.php?rest_route=\/wp\/v2\/media\/61770"}],"wp:attachment":[{"href":"https:\/\/masquenoticiastucuman.com.ar\/index.php?rest_route=%2Fwp%2Fv2%2Fmedia&parent=61769"}],"wp:term":[{"taxonomy":"category","embeddable":true,"href":"https:\/\/masquenoticiastucuman.com.ar\/index.php?rest_route=%2Fwp%2Fv2%2Fcategories&post=61769"},{"taxonomy":"post_tag","embeddable":true,"href":"https:\/\/masquenoticiastucuman.com.ar\/index.php?rest_route=%2Fwp%2Fv2%2Ftags&post=61769"}],"curies":[{"name":"wp","href":"https:\/\/api.w.org\/{rel}","templated":true}]}}