{"id":61771,"date":"2026-05-01T10:14:46","date_gmt":"2026-05-01T13:14:46","guid":{"rendered":"http:\/\/masquenoticiastucuman.com.ar\/?p=61771"},"modified":"2026-05-01T10:14:46","modified_gmt":"2026-05-01T13:14:46","slug":"broncas-y-alegrias-en-europa-por-la-entrada-en-vigor-del-acuerdo-mercosur-ue","status":"publish","type":"post","link":"https:\/\/masquenoticiastucuman.com.ar\/?p=61771","title":{"rendered":"Broncas y alegr\u00edas en Europa por la entrada en vigor del acuerdo Mercosur-UE"},"content":{"rendered":"<ul>\n<li>&#8220;Los beneficios son reales y visibles desde ahora&#8221;, celebr\u00f3 este viernes la presidenta de la Comisi\u00f3n Europea, \u00darsula Von der Leyen.<\/li>\n<li>Pero no todos los europeos piensan igual. \u00bfQui\u00e9nes ganan y qui\u00e9nes pierden con el tratado?<\/li>\n<\/ul>\n<p>\u200b&#8221;Los beneficios son reales y visibles desde ahora&#8221;, celebr\u00f3 este viernes la presidenta de la Comisi\u00f3n Europea, \u00darsula Von der Leyen.Pero no todos los europeos piensan igual. \u00bfQui\u00e9nes ganan y qui\u00e9nes pierden con el tratado?\u00a0<a href=\"https:\/\/www.clarin.com\/mundo\/broncas-alegrias-europa-entrada-vigor-acuerdo-mercosur-ue_0_5ypq3lW1HP.html\" target=\"_blank\" class=\"feedzy-rss-link-icon\">Read More<\/a><\/p>","protected":false},"excerpt":{"rendered":"<p>&#8220;Los beneficios son reales y visibles desde ahora&#8221;, celebr\u00f3 este viernes la presidenta de la&#8230;<\/p>\n","protected":false},"author":1,"featured_media":61772,"comment_status":"open","ping_status":"open","sticky":false,"template":"","format":"standard","meta":{"footnotes":""},"categories":[4],"tags":[],"class_list":["post-61771","post","type-post","status-publish","format-standard","has-post-thumbnail","hentry","category-internacionales"],"_links":{"self":[{"href":"https:\/\/masquenoticiastucuman.com.ar\/index.php?rest_route=\/wp\/v2\/posts\/61771","targetHints":{"allow":["GET"]}}],"collection":[{"href":"https:\/\/masquenoticiastucuman.com.ar\/index.php?rest_route=\/wp\/v2\/posts"}],"about":[{"href":"https:\/\/masquenoticiastucuman.com.ar\/index.php?rest_route=\/wp\/v2\/types\/post"}],"author":[{"embeddable":true,"href":"https:\/\/masquenoticiastucuman.com.ar\/index.php?rest_route=\/wp\/v2\/users\/1"}],"replies":[{"embeddable":true,"href":"https:\/\/masquenoticiastucuman.com.ar\/index.php?rest_route=%2Fwp%2Fv2%2Fcomments&post=61771"}],"version-history":[{"count":0,"href":"https:\/\/masquenoticiastucuman.com.ar\/index.php?rest_route=\/wp\/v2\/posts\/61771\/revisions"}],"wp:featuredmedia":[{"embeddable":true,"href":"https:\/\/masquenoticiastucuman.com.ar\/index.php?rest_route=\/wp\/v2\/media\/61772"}],"wp:attachment":[{"href":"https:\/\/masquenoticiastucuman.com.ar\/index.php?rest_route=%2Fwp%2Fv2%2Fmedia&parent=61771"}],"wp:term":[{"taxonomy":"category","embeddable":true,"href":"https:\/\/masquenoticiastucuman.com.ar\/index.php?rest_route=%2Fwp%2Fv2%2Fcategories&post=61771"},{"taxonomy":"post_tag","embeddable":true,"href":"https:\/\/masquenoticiastucuman.com.ar\/index.php?rest_route=%2Fwp%2Fv2%2Ftags&post=61771"}],"curies":[{"name":"wp","href":"https:\/\/api.w.org\/{rel}","templated":true}]}}