{"id":61775,"date":"2026-05-01T11:56:57","date_gmt":"2026-05-01T14:56:57","guid":{"rendered":"http:\/\/masquenoticiastucuman.com.ar\/?p=61775"},"modified":"2026-05-01T11:56:57","modified_gmt":"2026-05-01T14:56:57","slug":"tras-reemplazar-produccion-local-por-importaciones-ahora-lumilagro-contratara-60-personas-para-un-nuevo-negocio","status":"publish","type":"post","link":"https:\/\/masquenoticiastucuman.com.ar\/?p=61775","title":{"rendered":"Tras reemplazar producci\u00f3n local por importaciones, ahora Lumilagro contratar\u00e1 60 personas para un nuevo negocio"},"content":{"rendered":"<ul>\n<li>La empresa, que dej\u00f3 de fabricar para importar m\u00e1s barato, abrir\u00e1 15 locales en todo el pa\u00eds.<\/li>\n<li>Con la desactivaci\u00f3n de su f\u00e1brica, hab\u00eda desvinculado a 170 personas.<\/li>\n<\/ul>\n<p>\u200bLa empresa, que dej\u00f3 de fabricar para importar m\u00e1s barato, abrir\u00e1 15 locales en todo el pa\u00eds.Con la desactivaci\u00f3n de su f\u00e1brica, hab\u00eda desvinculado a 170 personas.\u00a0<a href=\"https:\/\/www.clarin.com\/economia\/reemplazar-produccion-local-importaciones-ahora-lumilagro-contratara-60-personas-nuevo-negocio_0_6hcJdwisKx.html\" target=\"_blank\" class=\"feedzy-rss-link-icon\">Read More<\/a><\/p>","protected":false},"excerpt":{"rendered":"<p>La empresa, que dej\u00f3 de fabricar para importar m\u00e1s barato, abrir\u00e1 15 locales en todo&#8230;<\/p>\n","protected":false},"author":1,"featured_media":0,"comment_status":"open","ping_status":"open","sticky":false,"template":"","format":"standard","meta":{"footnotes":""},"categories":[3],"tags":[],"class_list":["post-61775","post","type-post","status-publish","format-standard","has-post-thumbnail","hentry","category-nacionales"],"_links":{"self":[{"href":"https:\/\/masquenoticiastucuman.com.ar\/index.php?rest_route=\/wp\/v2\/posts\/61775","targetHints":{"allow":["GET"]}}],"collection":[{"href":"https:\/\/masquenoticiastucuman.com.ar\/index.php?rest_route=\/wp\/v2\/posts"}],"about":[{"href":"https:\/\/masquenoticiastucuman.com.ar\/index.php?rest_route=\/wp\/v2\/types\/post"}],"author":[{"embeddable":true,"href":"https:\/\/masquenoticiastucuman.com.ar\/index.php?rest_route=\/wp\/v2\/users\/1"}],"replies":[{"embeddable":true,"href":"https:\/\/masquenoticiastucuman.com.ar\/index.php?rest_route=%2Fwp%2Fv2%2Fcomments&post=61775"}],"version-history":[{"count":0,"href":"https:\/\/masquenoticiastucuman.com.ar\/index.php?rest_route=\/wp\/v2\/posts\/61775\/revisions"}],"wp:attachment":[{"href":"https:\/\/masquenoticiastucuman.com.ar\/index.php?rest_route=%2Fwp%2Fv2%2Fmedia&parent=61775"}],"wp:term":[{"taxonomy":"category","embeddable":true,"href":"https:\/\/masquenoticiastucuman.com.ar\/index.php?rest_route=%2Fwp%2Fv2%2Fcategories&post=61775"},{"taxonomy":"post_tag","embeddable":true,"href":"https:\/\/masquenoticiastucuman.com.ar\/index.php?rest_route=%2Fwp%2Fv2%2Ftags&post=61775"}],"curies":[{"name":"wp","href":"https:\/\/api.w.org\/{rel}","templated":true}]}}